{"id":1156,"date":"2010-09-05T20:50:27","date_gmt":"2010-09-05T18:50:27","guid":{"rendered":"http:\/\/www.luthierduquatuor.fr\/?p=1156"},"modified":"2010-09-05T20:50:27","modified_gmt":"2010-09-05T18:50:27","slug":"barre-harmonie-violoncelle","status":"publish","type":"post","link":"http:\/\/www.luthierduquatuor.fr\/en\/barre-harmonie-violoncelle\/","title":{"rendered":"La barre d&rsquo;harmonie"},"content":{"rendered":"<p><a href=\"https:\/\/i0.wp.com\/www.luthierduquatuor.fr\/wp-content\/uploads\/2010\/09\/barre-cello-web006.jpg\"><img data-recalc-dims=\"1\" loading=\"lazy\" decoding=\"async\" data-attachment-id=\"1160\" data-permalink=\"http:\/\/www.luthierduquatuor.fr\/en\/barre-cello-web006\/\" data-orig-file=\"https:\/\/i0.wp.com\/www.luthierduquatuor.fr\/wp-content\/uploads\/2010\/09\/barre-cello-web006.jpg?fit=1000%2C750&amp;ssl=1\" data-orig-size=\"1000,750\" data-comments-opened=\"1\" data-image-meta=\"{&quot;aperture&quot;:&quot;0&quot;,&quot;credit&quot;:&quot;&quot;,&quot;camera&quot;:&quot;&quot;,&quot;caption&quot;:&quot;&quot;,&quot;created_timestamp&quot;:&quot;0&quot;,&quot;copyright&quot;:&quot;&quot;,&quot;focal_length&quot;:&quot;0&quot;,&quot;iso&quot;:&quot;0&quot;,&quot;shutter_speed&quot;:&quot;0&quot;,&quot;title&quot;:&quot;&quot;}\" data-image-title=\"barre-cello-web006\" data-image-description=\"\" data-image-caption=\"\" data-large-file=\"https:\/\/i0.wp.com\/www.luthierduquatuor.fr\/wp-content\/uploads\/2010\/09\/barre-cello-web006.jpg?fit=750%2C563&amp;ssl=1\" class=\"alignleft size-full wp-image-1160\" title=\"barre-cello-web006\" src=\"https:\/\/i0.wp.com\/www.luthierduquatuor.fr\/wp-content\/uploads\/2010\/09\/barre-cello-web006.jpg?resize=216%2C162\" alt=\"barre d'harmonie, rabot\" width=\"216\" height=\"162\" srcset=\"https:\/\/i0.wp.com\/www.luthierduquatuor.fr\/wp-content\/uploads\/2010\/09\/barre-cello-web006.jpg?w=1000&amp;ssl=1 1000w, https:\/\/i0.wp.com\/www.luthierduquatuor.fr\/wp-content\/uploads\/2010\/09\/barre-cello-web006.jpg?resize=300%2C225&amp;ssl=1 300w\" sizes=\"auto, (max-width: 216px) 100vw, 216px\" \/><\/a> La barre d&rsquo;harmonie est une pi\u00e8ce en \u00e9pic\u00e9a qui se place sous le pied du chevalet du cot\u00e9 des basses, sym\u00e9triquement \u00e0 l&rsquo;\u00e2me (cylindre en bois qui transmet les vibrations de la table au fond).<\/p>\n<p>La barre doit mettre la table l\u00e9g\u00e8rement en tension et \u00eatre ajust\u00e9e parfaitement, la tension \u00e9tant r\u00e9partie uniform\u00e9ment afin de ne pas d\u00e9former la table. T\u00e2che d&rsquo;autant plus ardue que la table du violoncelle est vo\u00fbt\u00e9e et non plane.<\/p>\n<p><!--more--><\/p>\n<p>Une fois la barre mise \u00e0 \u00e9paisseur et laiss\u00e9e \u00e0 peine plus longue que sa longueur finale commence l&rsquo;ajustage. D\u00e9grossie rapidement au <a title=\"rabot de paume\" href=\"http:\/\/www.luthierduquatuor.fr\/wp-content\/uploads\/2010\/05\/touche-web006.jpg\">rabot de paume<\/a>, au ciseau \u00e0 bois ou encore au canif, je marque les emplacements correspondant aux emplacement pr\u00e9alablement d\u00e9termin\u00e9s sur la table.<\/p>\n<div id=\"attachment_1157\" style=\"width: 600px\" class=\"wp-caption alignnone\"><a href=\"https:\/\/i0.wp.com\/www.luthierduquatuor.fr\/wp-content\/uploads\/2010\/09\/barre-cello-web002.jpg\"><img data-recalc-dims=\"1\" loading=\"lazy\" decoding=\"async\" aria-describedby=\"caption-attachment-1157\" data-attachment-id=\"1157\" data-permalink=\"http:\/\/www.luthierduquatuor.fr\/en\/barre-cello-web002\/\" data-orig-file=\"https:\/\/i0.wp.com\/www.luthierduquatuor.fr\/wp-content\/uploads\/2010\/09\/barre-cello-web002.jpg?fit=1000%2C750&amp;ssl=1\" data-orig-size=\"1000,750\" data-comments-opened=\"1\" data-image-meta=\"{&quot;aperture&quot;:&quot;0&quot;,&quot;credit&quot;:&quot;&quot;,&quot;camera&quot;:&quot;&quot;,&quot;caption&quot;:&quot;&quot;,&quot;created_timestamp&quot;:&quot;0&quot;,&quot;copyright&quot;:&quot;&quot;,&quot;focal_length&quot;:&quot;0&quot;,&quot;iso&quot;:&quot;0&quot;,&quot;shutter_speed&quot;:&quot;0&quot;,&quot;title&quot;:&quot;&quot;}\" data-image-title=\"barre-cello-web002\" data-image-description=\"\" data-image-caption=\"\" data-large-file=\"https:\/\/i0.wp.com\/www.luthierduquatuor.fr\/wp-content\/uploads\/2010\/09\/barre-cello-web002.jpg?fit=750%2C563&amp;ssl=1\" class=\"size-full wp-image-1157\" title=\"barre-cello-web002\" src=\"https:\/\/i0.wp.com\/www.luthierduquatuor.fr\/wp-content\/uploads\/2010\/09\/barre-cello-web002.jpg?resize=590%2C442\" alt=\"\" width=\"590\" height=\"442\" srcset=\"https:\/\/i0.wp.com\/www.luthierduquatuor.fr\/wp-content\/uploads\/2010\/09\/barre-cello-web002.jpg?w=1000&amp;ssl=1 1000w, https:\/\/i0.wp.com\/www.luthierduquatuor.fr\/wp-content\/uploads\/2010\/09\/barre-cello-web002.jpg?resize=300%2C225&amp;ssl=1 300w\" sizes=\"auto, (max-width: 590px) 100vw, 590px\" \/><\/a><p id=\"caption-attachment-1157\" class=\"wp-caption-text\">ajustage, emplacements marqu\u00e9s.<\/p><\/div>\n<p>J&rsquo;ajuste ensuite avec un petit rabot et un canif.<\/p>\n<div id=\"attachment_1160\" style=\"width: 615px\" class=\"wp-caption alignnone\"><a href=\"https:\/\/i0.wp.com\/www.luthierduquatuor.fr\/wp-content\/uploads\/2010\/09\/barre-cello-web006.jpg\"><img data-recalc-dims=\"1\" loading=\"lazy\" decoding=\"async\" aria-describedby=\"caption-attachment-1160\" data-attachment-id=\"1160\" data-permalink=\"http:\/\/www.luthierduquatuor.fr\/en\/barre-cello-web006\/\" data-orig-file=\"https:\/\/i0.wp.com\/www.luthierduquatuor.fr\/wp-content\/uploads\/2010\/09\/barre-cello-web006.jpg?fit=1000%2C750&amp;ssl=1\" data-orig-size=\"1000,750\" data-comments-opened=\"1\" data-image-meta=\"{&quot;aperture&quot;:&quot;0&quot;,&quot;credit&quot;:&quot;&quot;,&quot;camera&quot;:&quot;&quot;,&quot;caption&quot;:&quot;&quot;,&quot;created_timestamp&quot;:&quot;0&quot;,&quot;copyright&quot;:&quot;&quot;,&quot;focal_length&quot;:&quot;0&quot;,&quot;iso&quot;:&quot;0&quot;,&quot;shutter_speed&quot;:&quot;0&quot;,&quot;title&quot;:&quot;&quot;}\" data-image-title=\"barre-cello-web006\" data-image-description=\"\" data-image-caption=\"\" data-large-file=\"https:\/\/i0.wp.com\/www.luthierduquatuor.fr\/wp-content\/uploads\/2010\/09\/barre-cello-web006.jpg?fit=750%2C563&amp;ssl=1\" class=\"size-full wp-image-1160\" title=\"barre-cello-web006\" src=\"https:\/\/i0.wp.com\/www.luthierduquatuor.fr\/wp-content\/uploads\/2010\/09\/barre-cello-web006.jpg?resize=605%2C454\" alt=\"barre d'harmonie, rabot\" width=\"605\" height=\"454\" srcset=\"https:\/\/i0.wp.com\/www.luthierduquatuor.fr\/wp-content\/uploads\/2010\/09\/barre-cello-web006.jpg?w=1000&amp;ssl=1 1000w, https:\/\/i0.wp.com\/www.luthierduquatuor.fr\/wp-content\/uploads\/2010\/09\/barre-cello-web006.jpg?resize=300%2C225&amp;ssl=1 300w\" sizes=\"auto, (max-width: 605px) 100vw, 605px\" \/><\/a><p id=\"caption-attachment-1160\" class=\"wp-caption-text\">barre d&#39;harmonie et petit rabot<\/p><\/div>\n<div id=\"attachment_1162\" style=\"width: 615px\" class=\"wp-caption alignnone\"><a href=\"https:\/\/i0.wp.com\/www.luthierduquatuor.fr\/wp-content\/uploads\/2010\/09\/barre-cello-web003.jpg\"><img data-recalc-dims=\"1\" loading=\"lazy\" decoding=\"async\" aria-describedby=\"caption-attachment-1162\" data-attachment-id=\"1162\" data-permalink=\"http:\/\/www.luthierduquatuor.fr\/en\/barre-cello-web003\/\" data-orig-file=\"https:\/\/i0.wp.com\/www.luthierduquatuor.fr\/wp-content\/uploads\/2010\/09\/barre-cello-web003.jpg?fit=1000%2C750&amp;ssl=1\" data-orig-size=\"1000,750\" data-comments-opened=\"1\" data-image-meta=\"{&quot;aperture&quot;:&quot;0&quot;,&quot;credit&quot;:&quot;&quot;,&quot;camera&quot;:&quot;&quot;,&quot;caption&quot;:&quot;&quot;,&quot;created_timestamp&quot;:&quot;0&quot;,&quot;copyright&quot;:&quot;&quot;,&quot;focal_length&quot;:&quot;0&quot;,&quot;iso&quot;:&quot;0&quot;,&quot;shutter_speed&quot;:&quot;0&quot;,&quot;title&quot;:&quot;&quot;}\" data-image-title=\"barre-cello-web003\" data-image-description=\"\" data-image-caption=\"\" data-large-file=\"https:\/\/i0.wp.com\/www.luthierduquatuor.fr\/wp-content\/uploads\/2010\/09\/barre-cello-web003.jpg?fit=750%2C563&amp;ssl=1\" class=\"size-full wp-image-1162\" title=\"barre-cello-web003\" src=\"https:\/\/i0.wp.com\/www.luthierduquatuor.fr\/wp-content\/uploads\/2010\/09\/barre-cello-web003.jpg?resize=605%2C454\" alt=\"\" width=\"605\" height=\"454\" srcset=\"https:\/\/i0.wp.com\/www.luthierduquatuor.fr\/wp-content\/uploads\/2010\/09\/barre-cello-web003.jpg?w=1000&amp;ssl=1 1000w, https:\/\/i0.wp.com\/www.luthierduquatuor.fr\/wp-content\/uploads\/2010\/09\/barre-cello-web003.jpg?resize=300%2C225&amp;ssl=1 300w\" sizes=\"auto, (max-width: 605px) 100vw, 605px\" \/><\/a><p id=\"caption-attachment-1162\" class=\"wp-caption-text\">barre d&#39;harmonie avec l\u00e9g\u00e8re tension<\/p><\/div>\n<p>Une fois ajust\u00e9e la barre est coll\u00e9e. Pour ce faire, il faut \u00eatre deux ou alors coller des petits taquets provisoires.<\/p>\n<div id=\"attachment_1174\" style=\"width: 615px\" class=\"wp-caption alignnone\"><a href=\"https:\/\/i0.wp.com\/www.luthierduquatuor.fr\/wp-content\/uploads\/2010\/09\/barre-cello-web008.jpg\"><img data-recalc-dims=\"1\" loading=\"lazy\" decoding=\"async\" aria-describedby=\"caption-attachment-1174\" data-attachment-id=\"1174\" data-permalink=\"http:\/\/www.luthierduquatuor.fr\/en\/barre-cello-web008\/\" data-orig-file=\"https:\/\/i0.wp.com\/www.luthierduquatuor.fr\/wp-content\/uploads\/2010\/09\/barre-cello-web008.jpg?fit=1000%2C750&amp;ssl=1\" data-orig-size=\"1000,750\" data-comments-opened=\"1\" data-image-meta=\"{&quot;aperture&quot;:&quot;0&quot;,&quot;credit&quot;:&quot;&quot;,&quot;camera&quot;:&quot;&quot;,&quot;caption&quot;:&quot;&quot;,&quot;created_timestamp&quot;:&quot;0&quot;,&quot;copyright&quot;:&quot;&quot;,&quot;focal_length&quot;:&quot;0&quot;,&quot;iso&quot;:&quot;0&quot;,&quot;shutter_speed&quot;:&quot;0&quot;,&quot;title&quot;:&quot;&quot;}\" data-image-title=\"barre-cello-web008\" data-image-description=\"\" data-image-caption=\"&lt;p&gt;Barre coll\u00e9e sous presses&lt;\/p&gt;\" data-large-file=\"https:\/\/i0.wp.com\/www.luthierduquatuor.fr\/wp-content\/uploads\/2010\/09\/barre-cello-web008.jpg?fit=750%2C563&amp;ssl=1\" class=\"size-full wp-image-1174\" title=\"barre-cello-web008\" src=\"https:\/\/i0.wp.com\/www.luthierduquatuor.fr\/wp-content\/uploads\/2010\/09\/barre-cello-web008.jpg?resize=605%2C454\" alt=\"\" width=\"605\" height=\"454\" srcset=\"https:\/\/i0.wp.com\/www.luthierduquatuor.fr\/wp-content\/uploads\/2010\/09\/barre-cello-web008.jpg?w=1000&amp;ssl=1 1000w, https:\/\/i0.wp.com\/www.luthierduquatuor.fr\/wp-content\/uploads\/2010\/09\/barre-cello-web008.jpg?resize=300%2C225&amp;ssl=1 300w\" sizes=\"auto, (max-width: 605px) 100vw, 605px\" \/><\/a><p id=\"caption-attachment-1174\" class=\"wp-caption-text\">Barre coll\u00e9e sous presses<\/p><\/div>\n<p>La barre est coll\u00e9e brute, il faut enfin la mettre en forme et l&rsquo;affiner \u00e0 l&rsquo;aide du petit rabot, du canif et de papier de verre.<\/p>\n<div id=\"attachment_1177\" style=\"width: 610px\" class=\"wp-caption alignnone\"><a href=\"https:\/\/i0.wp.com\/www.luthierduquatuor.fr\/wp-content\/uploads\/2010\/09\/barre-cello-web0121.jpg\"><img data-recalc-dims=\"1\" loading=\"lazy\" decoding=\"async\" aria-describedby=\"caption-attachment-1177\" data-attachment-id=\"1177\" data-permalink=\"http:\/\/www.luthierduquatuor.fr\/en\/barre-cello-web012-2\/\" data-orig-file=\"https:\/\/i0.wp.com\/www.luthierduquatuor.fr\/wp-content\/uploads\/2010\/09\/barre-cello-web0121.jpg?fit=1000%2C750&amp;ssl=1\" data-orig-size=\"1000,750\" data-comments-opened=\"1\" data-image-meta=\"{&quot;aperture&quot;:&quot;0&quot;,&quot;credit&quot;:&quot;&quot;,&quot;camera&quot;:&quot;&quot;,&quot;caption&quot;:&quot;&quot;,&quot;created_timestamp&quot;:&quot;0&quot;,&quot;copyright&quot;:&quot;&quot;,&quot;focal_length&quot;:&quot;0&quot;,&quot;iso&quot;:&quot;0&quot;,&quot;shutter_speed&quot;:&quot;0&quot;,&quot;title&quot;:&quot;&quot;}\" data-image-title=\"barre-cello-web012\" data-image-description=\"\" data-image-caption=\"&lt;p&gt;Barre brute&lt;\/p&gt;\" data-large-file=\"https:\/\/i0.wp.com\/www.luthierduquatuor.fr\/wp-content\/uploads\/2010\/09\/barre-cello-web0121.jpg?fit=750%2C563&amp;ssl=1\" class=\"size-full wp-image-1177\" title=\"barre-cello-web012\" src=\"https:\/\/i0.wp.com\/www.luthierduquatuor.fr\/wp-content\/uploads\/2010\/09\/barre-cello-web0121.jpg?resize=600%2C450\" alt=\"\" width=\"600\" height=\"450\" srcset=\"https:\/\/i0.wp.com\/www.luthierduquatuor.fr\/wp-content\/uploads\/2010\/09\/barre-cello-web0121.jpg?w=1000&amp;ssl=1 1000w, https:\/\/i0.wp.com\/www.luthierduquatuor.fr\/wp-content\/uploads\/2010\/09\/barre-cello-web0121.jpg?resize=300%2C225&amp;ssl=1 300w\" sizes=\"auto, (max-width: 600px) 100vw, 600px\" \/><\/a><p id=\"caption-attachment-1177\" class=\"wp-caption-text\">Barre brute<\/p><\/div>\n<div id=\"attachment_1185\" style=\"width: 610px\" class=\"wp-caption alignnone\"><a href=\"https:\/\/i0.wp.com\/www.luthierduquatuor.fr\/wp-content\/uploads\/2010\/09\/barre-cello-web013.jpg\"><img data-recalc-dims=\"1\" loading=\"lazy\" decoding=\"async\" aria-describedby=\"caption-attachment-1185\" data-attachment-id=\"1185\" data-permalink=\"http:\/\/www.luthierduquatuor.fr\/en\/barre-cello-web013\/\" data-orig-file=\"https:\/\/i0.wp.com\/www.luthierduquatuor.fr\/wp-content\/uploads\/2010\/09\/barre-cello-web013.jpg?fit=1000%2C750&amp;ssl=1\" data-orig-size=\"1000,750\" data-comments-opened=\"1\" data-image-meta=\"{&quot;aperture&quot;:&quot;0&quot;,&quot;credit&quot;:&quot;&quot;,&quot;camera&quot;:&quot;&quot;,&quot;caption&quot;:&quot;&quot;,&quot;created_timestamp&quot;:&quot;0&quot;,&quot;copyright&quot;:&quot;&quot;,&quot;focal_length&quot;:&quot;0&quot;,&quot;iso&quot;:&quot;0&quot;,&quot;shutter_speed&quot;:&quot;0&quot;,&quot;title&quot;:&quot;&quot;}\" data-image-title=\"barre-cello-web013\" data-image-description=\"\" data-image-caption=\"\" data-large-file=\"https:\/\/i0.wp.com\/www.luthierduquatuor.fr\/wp-content\/uploads\/2010\/09\/barre-cello-web013.jpg?fit=750%2C563&amp;ssl=1\" class=\"size-full wp-image-1185\" title=\"barre-cello-web013\" src=\"https:\/\/i0.wp.com\/www.luthierduquatuor.fr\/wp-content\/uploads\/2010\/09\/barre-cello-web013.jpg?resize=600%2C450\" alt=\"\" width=\"600\" height=\"450\" srcset=\"https:\/\/i0.wp.com\/www.luthierduquatuor.fr\/wp-content\/uploads\/2010\/09\/barre-cello-web013.jpg?w=1000&amp;ssl=1 1000w, https:\/\/i0.wp.com\/www.luthierduquatuor.fr\/wp-content\/uploads\/2010\/09\/barre-cello-web013.jpg?resize=300%2C225&amp;ssl=1 300w\" sizes=\"auto, (max-width: 600px) 100vw, 600px\" \/><\/a><p id=\"caption-attachment-1185\" class=\"wp-caption-text\">barre termin\u00e9e, vue du dessus<\/p><\/div>\n<div id=\"attachment_1176\" style=\"width: 610px\" class=\"wp-caption alignnone\"><a href=\"https:\/\/i0.wp.com\/www.luthierduquatuor.fr\/wp-content\/uploads\/2010\/09\/barre-cello-web014.jpg\"><img data-recalc-dims=\"1\" loading=\"lazy\" decoding=\"async\" aria-describedby=\"caption-attachment-1176\" data-attachment-id=\"1176\" data-permalink=\"http:\/\/www.luthierduquatuor.fr\/en\/barre-cello-web014\/\" data-orig-file=\"https:\/\/i0.wp.com\/www.luthierduquatuor.fr\/wp-content\/uploads\/2010\/09\/barre-cello-web014.jpg?fit=1000%2C750&amp;ssl=1\" data-orig-size=\"1000,750\" data-comments-opened=\"1\" data-image-meta=\"{&quot;aperture&quot;:&quot;0&quot;,&quot;credit&quot;:&quot;&quot;,&quot;camera&quot;:&quot;&quot;,&quot;caption&quot;:&quot;&quot;,&quot;created_timestamp&quot;:&quot;0&quot;,&quot;copyright&quot;:&quot;&quot;,&quot;focal_length&quot;:&quot;0&quot;,&quot;iso&quot;:&quot;0&quot;,&quot;shutter_speed&quot;:&quot;0&quot;,&quot;title&quot;:&quot;&quot;}\" data-image-title=\"barre-cello-web014\" data-image-description=\"\" data-image-caption=\"&lt;p&gt;barre termin\u00e9e&lt;\/p&gt;\" data-large-file=\"https:\/\/i0.wp.com\/www.luthierduquatuor.fr\/wp-content\/uploads\/2010\/09\/barre-cello-web014.jpg?fit=750%2C563&amp;ssl=1\" class=\"size-full wp-image-1176\" title=\"barre-cello-web014\" src=\"https:\/\/i0.wp.com\/www.luthierduquatuor.fr\/wp-content\/uploads\/2010\/09\/barre-cello-web014.jpg?resize=600%2C450\" alt=\"\" width=\"600\" height=\"450\" srcset=\"https:\/\/i0.wp.com\/www.luthierduquatuor.fr\/wp-content\/uploads\/2010\/09\/barre-cello-web014.jpg?w=1000&amp;ssl=1 1000w, https:\/\/i0.wp.com\/www.luthierduquatuor.fr\/wp-content\/uploads\/2010\/09\/barre-cello-web014.jpg?resize=300%2C225&amp;ssl=1 300w\" sizes=\"auto, (max-width: 600px) 100vw, 600px\" \/><\/a><p id=\"caption-attachment-1176\" class=\"wp-caption-text\">barre termin\u00e9e, profil<\/p><\/div>","protected":false},"excerpt":{"rendered":"<p>Fabrication et ajustage de la barre d&rsquo;harmonie d&rsquo;un violoncelle.<\/p>","protected":false},"author":1,"featured_media":0,"comment_status":"open","ping_status":"closed","sticky":false,"template":"","format":"standard","meta":{"_jetpack_memberships_contains_paid_content":false,"footnotes":""},"categories":[17],"tags":[25,37,292,111,167,293,220],"class_list":["post-1156","post","type-post","status-publish","format-standard","hentry","category-fabrication","tag-alto","tag-barre","tag-fabrication","tag-harmonie","tag-photos","tag-violon","tag-violoncelle"],"yoast_head":"<!-- This site is optimized with the Yoast SEO plugin v27.5 - https:\/\/yoast.com\/product\/yoast-seo-wordpress\/ -->\n<title>La barre d&#039;harmonie - AG Violins<\/title>\n<meta name=\"robots\" content=\"index, follow, max-snippet:-1, max-image-preview:large, max-video-preview:-1\" \/>\n<link rel=\"canonical\" href=\"https:\/\/www.luthierduquatuor.fr\/en\/barre-harmonie-violoncelle\/\" \/>\n<meta property=\"og:locale\" content=\"en_GB\" \/>\n<meta property=\"og:type\" content=\"article\" \/>\n<meta property=\"og:title\" content=\"La barre d&#039;harmonie - AG Violins\" \/>\n<meta property=\"og:description\" content=\"Fabrication et ajustage de la barre d&#039;harmonie d&#039;un violoncelle.\" \/>\n<meta property=\"og:url\" content=\"https:\/\/www.luthierduquatuor.fr\/en\/barre-harmonie-violoncelle\/\" \/>\n<meta property=\"og:site_name\" content=\"AG Violins\" \/>\n<meta property=\"article:publisher\" content=\"https:\/\/www.facebook.com\/luthierduquatuor\/\" \/>\n<meta property=\"article:published_time\" content=\"2010-09-05T18:50:27+00:00\" \/>\n<meta property=\"og:image\" content=\"http:\/\/www.luthierduquatuor.fr\/wp-content\/uploads\/2010\/09\/barre-cello-web006.jpg\" \/>\n<meta name=\"author\" content=\"luthierduquatuor\" \/>\n<meta name=\"twitter:card\" content=\"summary_large_image\" \/>\n<meta name=\"twitter:creator\" content=\"@AnaisGassin\" \/>\n<meta name=\"twitter:site\" content=\"@AnaisGassin\" \/>\n<meta name=\"twitter:label1\" content=\"Written by\" \/>\n\t<meta name=\"twitter:data1\" content=\"luthierduquatuor\" \/>\n\t<meta name=\"twitter:label2\" content=\"Estimated reading time\" \/>\n\t<meta name=\"twitter:data2\" content=\"1 minute\" \/>\n<script type=\"application\/ld+json\" class=\"yoast-schema-graph\">{\"@context\":\"https:\\\/\\\/schema.org\",\"@graph\":[{\"@type\":\"Article\",\"@id\":\"https:\\\/\\\/www.luthierduquatuor.fr\\\/barre-harmonie-violoncelle\\\/#article\",\"isPartOf\":{\"@id\":\"https:\\\/\\\/www.luthierduquatuor.fr\\\/barre-harmonie-violoncelle\\\/\"},\"author\":{\"name\":\"luthierduquatuor\",\"@id\":\"https:\\\/\\\/www.luthierduquatuor.fr\\\/en\\\/#\\\/schema\\\/person\\\/b217344e2e16498ed06ca3f2c8157c62\"},\"headline\":\"La barre d&rsquo;harmonie\",\"datePublished\":\"2010-09-05T18:50:27+00:00\",\"mainEntityOfPage\":{\"@id\":\"https:\\\/\\\/www.luthierduquatuor.fr\\\/barre-harmonie-violoncelle\\\/\"},\"wordCount\":292,\"commentCount\":3,\"publisher\":{\"@id\":\"https:\\\/\\\/www.luthierduquatuor.fr\\\/en\\\/#organization\"},\"image\":{\"@id\":\"https:\\\/\\\/www.luthierduquatuor.fr\\\/barre-harmonie-violoncelle\\\/#primaryimage\"},\"thumbnailUrl\":\"http:\\\/\\\/www.luthierduquatuor.fr\\\/wp-content\\\/uploads\\\/2010\\\/09\\\/barre-cello-web006.jpg\",\"keywords\":[\"alto\",\"barre\",\"Fabrication\",\"harmonie\",\"photos\",\"violon\",\"violoncelle\"],\"articleSection\":[\"Fabrication\"],\"inLanguage\":\"en-GB\",\"potentialAction\":[{\"@type\":\"CommentAction\",\"name\":\"Comment\",\"target\":[\"https:\\\/\\\/www.luthierduquatuor.fr\\\/barre-harmonie-violoncelle\\\/#respond\"]}]},{\"@type\":\"WebPage\",\"@id\":\"https:\\\/\\\/www.luthierduquatuor.fr\\\/barre-harmonie-violoncelle\\\/\",\"url\":\"https:\\\/\\\/www.luthierduquatuor.fr\\\/barre-harmonie-violoncelle\\\/\",\"name\":\"La barre d'harmonie - AG Violins\",\"isPartOf\":{\"@id\":\"https:\\\/\\\/www.luthierduquatuor.fr\\\/en\\\/#website\"},\"primaryImageOfPage\":{\"@id\":\"https:\\\/\\\/www.luthierduquatuor.fr\\\/barre-harmonie-violoncelle\\\/#primaryimage\"},\"image\":{\"@id\":\"https:\\\/\\\/www.luthierduquatuor.fr\\\/barre-harmonie-violoncelle\\\/#primaryimage\"},\"thumbnailUrl\":\"http:\\\/\\\/www.luthierduquatuor.fr\\\/wp-content\\\/uploads\\\/2010\\\/09\\\/barre-cello-web006.jpg\",\"datePublished\":\"2010-09-05T18:50:27+00:00\",\"breadcrumb\":{\"@id\":\"https:\\\/\\\/www.luthierduquatuor.fr\\\/barre-harmonie-violoncelle\\\/#breadcrumb\"},\"inLanguage\":\"en-GB\",\"potentialAction\":[{\"@type\":\"ReadAction\",\"target\":[\"https:\\\/\\\/www.luthierduquatuor.fr\\\/barre-harmonie-violoncelle\\\/\"]}]},{\"@type\":\"ImageObject\",\"inLanguage\":\"en-GB\",\"@id\":\"https:\\\/\\\/www.luthierduquatuor.fr\\\/barre-harmonie-violoncelle\\\/#primaryimage\",\"url\":\"http:\\\/\\\/www.luthierduquatuor.fr\\\/wp-content\\\/uploads\\\/2010\\\/09\\\/barre-cello-web006.jpg\",\"contentUrl\":\"http:\\\/\\\/www.luthierduquatuor.fr\\\/wp-content\\\/uploads\\\/2010\\\/09\\\/barre-cello-web006.jpg\"},{\"@type\":\"BreadcrumbList\",\"@id\":\"https:\\\/\\\/www.luthierduquatuor.fr\\\/barre-harmonie-violoncelle\\\/#breadcrumb\",\"itemListElement\":[{\"@type\":\"ListItem\",\"position\":1,\"name\":\"Home\",\"item\":\"https:\\\/\\\/www.luthierduquatuor.fr\\\/en\\\/\"},{\"@type\":\"ListItem\",\"position\":2,\"name\":\"La barre d&rsquo;harmonie\"}]},{\"@type\":\"WebSite\",\"@id\":\"https:\\\/\\\/www.luthierduquatuor.fr\\\/en\\\/#website\",\"url\":\"https:\\\/\\\/www.luthierduquatuor.fr\\\/en\\\/\",\"name\":\"AG Violins\",\"description\":\"Ana\u00efs Gassin - Luthier du quatuor\",\"publisher\":{\"@id\":\"https:\\\/\\\/www.luthierduquatuor.fr\\\/en\\\/#organization\"},\"potentialAction\":[{\"@type\":\"SearchAction\",\"target\":{\"@type\":\"EntryPoint\",\"urlTemplate\":\"https:\\\/\\\/www.luthierduquatuor.fr\\\/en\\\/?s={search_term_string}\"},\"query-input\":{\"@type\":\"PropertyValueSpecification\",\"valueRequired\":true,\"valueName\":\"search_term_string\"}}],\"inLanguage\":\"en-GB\"},{\"@type\":\"Organization\",\"@id\":\"https:\\\/\\\/www.luthierduquatuor.fr\\\/en\\\/#organization\",\"name\":\"AG Violins\",\"url\":\"https:\\\/\\\/www.luthierduquatuor.fr\\\/en\\\/\",\"logo\":{\"@type\":\"ImageObject\",\"inLanguage\":\"en-GB\",\"@id\":\"https:\\\/\\\/www.luthierduquatuor.fr\\\/en\\\/#\\\/schema\\\/logo\\\/image\\\/\",\"url\":\"https:\\\/\\\/www.luthierduquatuor.fr\\\/wp-content\\\/uploads\\\/2020\\\/05\\\/AG_Luthier-du-Quatuor.jpg\",\"contentUrl\":\"https:\\\/\\\/www.luthierduquatuor.fr\\\/wp-content\\\/uploads\\\/2020\\\/05\\\/AG_Luthier-du-Quatuor.jpg\",\"width\":480,\"height\":636,\"caption\":\"AG Violins\"},\"image\":{\"@id\":\"https:\\\/\\\/www.luthierduquatuor.fr\\\/en\\\/#\\\/schema\\\/logo\\\/image\\\/\"},\"sameAs\":[\"https:\\\/\\\/www.facebook.com\\\/luthierduquatuor\\\/\",\"https:\\\/\\\/x.com\\\/AnaisGassin\"]},{\"@type\":\"Person\",\"@id\":\"https:\\\/\\\/www.luthierduquatuor.fr\\\/en\\\/#\\\/schema\\\/person\\\/b217344e2e16498ed06ca3f2c8157c62\",\"name\":\"luthierduquatuor\",\"image\":{\"@type\":\"ImageObject\",\"inLanguage\":\"en-GB\",\"@id\":\"https:\\\/\\\/secure.gravatar.com\\\/avatar\\\/5bdc20db099ac77518e3e804e275291fee890ab2b2014a9b2100bd03b1da75ba?s=96&d=wavatar&r=g\",\"url\":\"https:\\\/\\\/secure.gravatar.com\\\/avatar\\\/5bdc20db099ac77518e3e804e275291fee890ab2b2014a9b2100bd03b1da75ba?s=96&d=wavatar&r=g\",\"contentUrl\":\"https:\\\/\\\/secure.gravatar.com\\\/avatar\\\/5bdc20db099ac77518e3e804e275291fee890ab2b2014a9b2100bd03b1da75ba?s=96&d=wavatar&r=g\",\"caption\":\"luthierduquatuor\"}}]}<\/script>\n<!-- \/ Yoast SEO plugin. -->","yoast_head_json":{"title":"La barre d'harmonie - AG Violins","robots":{"index":"index","follow":"follow","max-snippet":"max-snippet:-1","max-image-preview":"max-image-preview:large","max-video-preview":"max-video-preview:-1"},"canonical":"https:\/\/www.luthierduquatuor.fr\/en\/barre-harmonie-violoncelle\/","og_locale":"en_GB","og_type":"article","og_title":"La barre d'harmonie - AG Violins","og_description":"Fabrication et ajustage de la barre d'harmonie d'un violoncelle.","og_url":"https:\/\/www.luthierduquatuor.fr\/en\/barre-harmonie-violoncelle\/","og_site_name":"AG Violins","article_publisher":"https:\/\/www.facebook.com\/luthierduquatuor\/","article_published_time":"2010-09-05T18:50:27+00:00","og_image":[{"url":"http:\/\/www.luthierduquatuor.fr\/wp-content\/uploads\/2010\/09\/barre-cello-web006.jpg","type":"","width":"","height":""}],"author":"luthierduquatuor","twitter_card":"summary_large_image","twitter_creator":"@AnaisGassin","twitter_site":"@AnaisGassin","twitter_misc":{"Written by":"luthierduquatuor","Estimated reading time":"1 minute"},"schema":{"@context":"https:\/\/schema.org","@graph":[{"@type":"Article","@id":"https:\/\/www.luthierduquatuor.fr\/barre-harmonie-violoncelle\/#article","isPartOf":{"@id":"https:\/\/www.luthierduquatuor.fr\/barre-harmonie-violoncelle\/"},"author":{"name":"luthierduquatuor","@id":"https:\/\/www.luthierduquatuor.fr\/en\/#\/schema\/person\/b217344e2e16498ed06ca3f2c8157c62"},"headline":"La barre d&rsquo;harmonie","datePublished":"2010-09-05T18:50:27+00:00","mainEntityOfPage":{"@id":"https:\/\/www.luthierduquatuor.fr\/barre-harmonie-violoncelle\/"},"wordCount":292,"commentCount":3,"publisher":{"@id":"https:\/\/www.luthierduquatuor.fr\/en\/#organization"},"image":{"@id":"https:\/\/www.luthierduquatuor.fr\/barre-harmonie-violoncelle\/#primaryimage"},"thumbnailUrl":"http:\/\/www.luthierduquatuor.fr\/wp-content\/uploads\/2010\/09\/barre-cello-web006.jpg","keywords":["alto","barre","Fabrication","harmonie","photos","violon","violoncelle"],"articleSection":["Fabrication"],"inLanguage":"en-GB","potentialAction":[{"@type":"CommentAction","name":"Comment","target":["https:\/\/www.luthierduquatuor.fr\/barre-harmonie-violoncelle\/#respond"]}]},{"@type":"WebPage","@id":"https:\/\/www.luthierduquatuor.fr\/barre-harmonie-violoncelle\/","url":"https:\/\/www.luthierduquatuor.fr\/barre-harmonie-violoncelle\/","name":"La barre d'harmonie - AG Violins","isPartOf":{"@id":"https:\/\/www.luthierduquatuor.fr\/en\/#website"},"primaryImageOfPage":{"@id":"https:\/\/www.luthierduquatuor.fr\/barre-harmonie-violoncelle\/#primaryimage"},"image":{"@id":"https:\/\/www.luthierduquatuor.fr\/barre-harmonie-violoncelle\/#primaryimage"},"thumbnailUrl":"http:\/\/www.luthierduquatuor.fr\/wp-content\/uploads\/2010\/09\/barre-cello-web006.jpg","datePublished":"2010-09-05T18:50:27+00:00","breadcrumb":{"@id":"https:\/\/www.luthierduquatuor.fr\/barre-harmonie-violoncelle\/#breadcrumb"},"inLanguage":"en-GB","potentialAction":[{"@type":"ReadAction","target":["https:\/\/www.luthierduquatuor.fr\/barre-harmonie-violoncelle\/"]}]},{"@type":"ImageObject","inLanguage":"en-GB","@id":"https:\/\/www.luthierduquatuor.fr\/barre-harmonie-violoncelle\/#primaryimage","url":"http:\/\/www.luthierduquatuor.fr\/wp-content\/uploads\/2010\/09\/barre-cello-web006.jpg","contentUrl":"http:\/\/www.luthierduquatuor.fr\/wp-content\/uploads\/2010\/09\/barre-cello-web006.jpg"},{"@type":"BreadcrumbList","@id":"https:\/\/www.luthierduquatuor.fr\/barre-harmonie-violoncelle\/#breadcrumb","itemListElement":[{"@type":"ListItem","position":1,"name":"Home","item":"https:\/\/www.luthierduquatuor.fr\/en\/"},{"@type":"ListItem","position":2,"name":"La barre d&rsquo;harmonie"}]},{"@type":"WebSite","@id":"https:\/\/www.luthierduquatuor.fr\/en\/#website","url":"https:\/\/www.luthierduquatuor.fr\/en\/","name":"AG Violins","description":"Ana\u00efs Gassin - Luthier du quatuor","publisher":{"@id":"https:\/\/www.luthierduquatuor.fr\/en\/#organization"},"potentialAction":[{"@type":"SearchAction","target":{"@type":"EntryPoint","urlTemplate":"https:\/\/www.luthierduquatuor.fr\/en\/?s={search_term_string}"},"query-input":{"@type":"PropertyValueSpecification","valueRequired":true,"valueName":"search_term_string"}}],"inLanguage":"en-GB"},{"@type":"Organization","@id":"https:\/\/www.luthierduquatuor.fr\/en\/#organization","name":"AG Violins","url":"https:\/\/www.luthierduquatuor.fr\/en\/","logo":{"@type":"ImageObject","inLanguage":"en-GB","@id":"https:\/\/www.luthierduquatuor.fr\/en\/#\/schema\/logo\/image\/","url":"https:\/\/www.luthierduquatuor.fr\/wp-content\/uploads\/2020\/05\/AG_Luthier-du-Quatuor.jpg","contentUrl":"https:\/\/www.luthierduquatuor.fr\/wp-content\/uploads\/2020\/05\/AG_Luthier-du-Quatuor.jpg","width":480,"height":636,"caption":"AG Violins"},"image":{"@id":"https:\/\/www.luthierduquatuor.fr\/en\/#\/schema\/logo\/image\/"},"sameAs":["https:\/\/www.facebook.com\/luthierduquatuor\/","https:\/\/x.com\/AnaisGassin"]},{"@type":"Person","@id":"https:\/\/www.luthierduquatuor.fr\/en\/#\/schema\/person\/b217344e2e16498ed06ca3f2c8157c62","name":"luthierduquatuor","image":{"@type":"ImageObject","inLanguage":"en-GB","@id":"https:\/\/secure.gravatar.com\/avatar\/5bdc20db099ac77518e3e804e275291fee890ab2b2014a9b2100bd03b1da75ba?s=96&d=wavatar&r=g","url":"https:\/\/secure.gravatar.com\/avatar\/5bdc20db099ac77518e3e804e275291fee890ab2b2014a9b2100bd03b1da75ba?s=96&d=wavatar&r=g","contentUrl":"https:\/\/secure.gravatar.com\/avatar\/5bdc20db099ac77518e3e804e275291fee890ab2b2014a9b2100bd03b1da75ba?s=96&d=wavatar&r=g","caption":"luthierduquatuor"}}]}},"jetpack_featured_media_url":"","jetpack_shortlink":"https:\/\/wp.me\/p3Qmw9-iE","jetpack_sharing_enabled":true,"jetpack_likes_enabled":true,"jetpack-related-posts":[],"_links":{"self":[{"href":"http:\/\/www.luthierduquatuor.fr\/en\/wp-json\/wp\/v2\/posts\/1156","targetHints":{"allow":["GET"]}}],"collection":[{"href":"http:\/\/www.luthierduquatuor.fr\/en\/wp-json\/wp\/v2\/posts"}],"about":[{"href":"http:\/\/www.luthierduquatuor.fr\/en\/wp-json\/wp\/v2\/types\/post"}],"author":[{"embeddable":true,"href":"http:\/\/www.luthierduquatuor.fr\/en\/wp-json\/wp\/v2\/users\/1"}],"replies":[{"embeddable":true,"href":"http:\/\/www.luthierduquatuor.fr\/en\/wp-json\/wp\/v2\/comments?post=1156"}],"version-history":[{"count":0,"href":"http:\/\/www.luthierduquatuor.fr\/en\/wp-json\/wp\/v2\/posts\/1156\/revisions"}],"wp:attachment":[{"href":"http:\/\/www.luthierduquatuor.fr\/en\/wp-json\/wp\/v2\/media?parent=1156"}],"wp:term":[{"taxonomy":"category","embeddable":true,"href":"http:\/\/www.luthierduquatuor.fr\/en\/wp-json\/wp\/v2\/categories?post=1156"},{"taxonomy":"post_tag","embeddable":true,"href":"http:\/\/www.luthierduquatuor.fr\/en\/wp-json\/wp\/v2\/tags?post=1156"}],"curies":[{"name":"wp","href":"https:\/\/api.w.org\/{rel}","templated":true}]}}