{"id":1786,"date":"2011-12-08T12:12:16","date_gmt":"2011-12-08T10:12:16","guid":{"rendered":"http:\/\/www.luthierduquatuor.fr\/?p=1786"},"modified":"2011-12-08T12:12:16","modified_gmt":"2011-12-08T10:12:16","slug":"concert-atlan-montpellier","status":"publish","type":"post","link":"http:\/\/www.luthierduquatuor.fr\/en\/concert-atlan-montpellier\/","title":{"rendered":"Cr\u00e9ations du compositeur Gerald Atlan \u00e0 Montpellier"},"content":{"rendered":"<p><a href=\"http:\/\/geraldatlan.pagesperso-orange.fr\"><img data-recalc-dims=\"1\" loading=\"lazy\" decoding=\"async\" data-attachment-id=\"1787\" data-permalink=\"http:\/\/www.luthierduquatuor.fr\/en\/affiche-bilitis1ernov2011\/\" data-orig-file=\"https:\/\/i0.wp.com\/www.luthierduquatuor.fr\/wp-content\/uploads\/2011\/12\/Affiche-Bilitis1erNov2011.jpg?fit=595%2C842&amp;ssl=1\" data-orig-size=\"595,842\" data-comments-opened=\"1\" data-image-meta=\"{&quot;aperture&quot;:&quot;0&quot;,&quot;credit&quot;:&quot;&quot;,&quot;camera&quot;:&quot;&quot;,&quot;caption&quot;:&quot;&quot;,&quot;created_timestamp&quot;:&quot;0&quot;,&quot;copyright&quot;:&quot;&quot;,&quot;focal_length&quot;:&quot;0&quot;,&quot;iso&quot;:&quot;0&quot;,&quot;shutter_speed&quot;:&quot;0&quot;,&quot;title&quot;:&quot;&quot;}\" data-image-title=\"Affiche-Bilitis1erNov2011\" data-image-description=\"\" data-image-caption=\"\" data-large-file=\"https:\/\/i0.wp.com\/www.luthierduquatuor.fr\/wp-content\/uploads\/2011\/12\/Affiche-Bilitis1erNov2011.jpg?fit=595%2C842&amp;ssl=1\" class=\"size-full wp-image-1787 alignleft\" title=\"Affiche-Bilitis1erNov2011\" src=\"https:\/\/i0.wp.com\/www.luthierduquatuor.fr\/wp-content\/uploads\/2011\/12\/Affiche-Bilitis1erNov2011.jpg?resize=201%2C283\" alt=\"\" width=\"201\" height=\"283\" \/><\/a>Kamala Calderoni, Martine Id\u00e9e, Karine Leonelli, Christine Radais et Aline Marteville cr\u00e9erons <strong>demain soir \u00e0 Montpellier<\/strong> deux oeuvres du <strong>compositeur beaulieurois Gerald Atlan<\/strong>. Il faut croire que <strong>Beaulieu<\/strong> est un lieu propice \u00e0 la cr\u00e9ation!<\/p>\n<p>Au programme<strong> \u00ab\u00a0Les chansons de Bilitis\u00a0\u00bb<\/strong> d&rsquo;apr\u00e8s l&rsquo;oeuvre de Pierre Lou\u00ffs et une <strong>sonate pour violoncelle et piano<\/strong>. Plus sur Gerald Atlan et ses compositions en un clic sur l&rsquo;affiche.<\/p>","protected":false},"excerpt":{"rendered":"<p>Cr\u00e9ations de deux oeuvres du compositeur beaulieurois Gerald Atlan vendredi 9 d\u00e9cembre 2011 \u00e0 Montpellier. Chant et sonate pour violoncelle et piano.<\/p>","protected":false},"author":1,"featured_media":0,"comment_status":"open","ping_status":"closed","sticky":false,"template":"","format":"standard","meta":{"_jetpack_memberships_contains_paid_content":false,"footnotes":""},"categories":[11],"tags":[36,54,63,144,289,220],"class_list":["post-1786","post","type-post","status-publish","format-standard","hentry","category-concertsspectaclesprojets-culturels","tag-atlan","tag-chant","tag-concert","tag-montpellier","tag-musique","tag-violoncelle"],"yoast_head":"<!-- This site is optimized with the Yoast SEO plugin v27.5 - https:\/\/yoast.com\/product\/yoast-seo-wordpress\/ -->\n<title>Cr\u00e9ations du compositeur Gerald Atlan \u00e0 Montpellier  - AG Violins<\/title>\n<meta name=\"robots\" content=\"index, follow, max-snippet:-1, max-image-preview:large, max-video-preview:-1\" \/>\n<link rel=\"canonical\" href=\"https:\/\/www.luthierduquatuor.fr\/en\/concert-atlan-montpellier\/\" \/>\n<meta property=\"og:locale\" content=\"en_GB\" \/>\n<meta property=\"og:type\" content=\"article\" \/>\n<meta property=\"og:title\" content=\"Cr\u00e9ations du compositeur Gerald Atlan \u00e0 Montpellier  - AG Violins\" \/>\n<meta property=\"og:description\" content=\"Cr\u00e9ations de deux oeuvres du compositeur beaulieurois Gerald Atlan vendredi 9 d\u00e9cembre 2011 \u00e0 Montpellier. Chant et sonate pour violoncelle et piano.\" \/>\n<meta property=\"og:url\" content=\"https:\/\/www.luthierduquatuor.fr\/en\/concert-atlan-montpellier\/\" \/>\n<meta property=\"og:site_name\" content=\"AG Violins\" \/>\n<meta property=\"article:publisher\" content=\"https:\/\/www.facebook.com\/luthierduquatuor\/\" \/>\n<meta property=\"article:published_time\" content=\"2011-12-08T10:12:16+00:00\" \/>\n<meta property=\"og:image\" content=\"http:\/\/www.luthierduquatuor.fr\/wp-content\/uploads\/2011\/12\/Affiche-Bilitis1erNov2011.jpg\" \/>\n<meta name=\"author\" content=\"luthierduquatuor\" \/>\n<meta name=\"twitter:card\" content=\"summary_large_image\" \/>\n<meta name=\"twitter:creator\" content=\"@AnaisGassin\" \/>\n<meta name=\"twitter:site\" content=\"@AnaisGassin\" \/>\n<meta name=\"twitter:label1\" content=\"Written by\" \/>\n\t<meta name=\"twitter:data1\" content=\"luthierduquatuor\" \/>\n<script type=\"application\/ld+json\" class=\"yoast-schema-graph\">{\"@context\":\"https:\\\/\\\/schema.org\",\"@graph\":[{\"@type\":\"Article\",\"@id\":\"https:\\\/\\\/www.luthierduquatuor.fr\\\/concert-atlan-montpellier\\\/#article\",\"isPartOf\":{\"@id\":\"https:\\\/\\\/www.luthierduquatuor.fr\\\/concert-atlan-montpellier\\\/\"},\"author\":{\"name\":\"luthierduquatuor\",\"@id\":\"https:\\\/\\\/www.luthierduquatuor.fr\\\/en\\\/#\\\/schema\\\/person\\\/b217344e2e16498ed06ca3f2c8157c62\"},\"headline\":\"Cr\u00e9ations du compositeur Gerald Atlan \u00e0 Montpellier\",\"datePublished\":\"2011-12-08T10:12:16+00:00\",\"mainEntityOfPage\":{\"@id\":\"https:\\\/\\\/www.luthierduquatuor.fr\\\/concert-atlan-montpellier\\\/\"},\"wordCount\":78,\"commentCount\":2,\"publisher\":{\"@id\":\"https:\\\/\\\/www.luthierduquatuor.fr\\\/en\\\/#organization\"},\"image\":{\"@id\":\"https:\\\/\\\/www.luthierduquatuor.fr\\\/concert-atlan-montpellier\\\/#primaryimage\"},\"thumbnailUrl\":\"http:\\\/\\\/www.luthierduquatuor.fr\\\/wp-content\\\/uploads\\\/2011\\\/12\\\/Affiche-Bilitis1erNov2011.jpg\",\"keywords\":[\"Atlan\",\"chant\",\"concert\",\"Montpellier\",\"Musique\",\"violoncelle\"],\"articleSection\":[\"Concerts\\\/spectacles\\\/projets culturels\"],\"inLanguage\":\"en-GB\",\"potentialAction\":[{\"@type\":\"CommentAction\",\"name\":\"Comment\",\"target\":[\"https:\\\/\\\/www.luthierduquatuor.fr\\\/concert-atlan-montpellier\\\/#respond\"]}]},{\"@type\":\"WebPage\",\"@id\":\"https:\\\/\\\/www.luthierduquatuor.fr\\\/concert-atlan-montpellier\\\/\",\"url\":\"https:\\\/\\\/www.luthierduquatuor.fr\\\/concert-atlan-montpellier\\\/\",\"name\":\"Cr\u00e9ations du compositeur Gerald Atlan \u00e0 Montpellier - AG Violins\",\"isPartOf\":{\"@id\":\"https:\\\/\\\/www.luthierduquatuor.fr\\\/en\\\/#website\"},\"primaryImageOfPage\":{\"@id\":\"https:\\\/\\\/www.luthierduquatuor.fr\\\/concert-atlan-montpellier\\\/#primaryimage\"},\"image\":{\"@id\":\"https:\\\/\\\/www.luthierduquatuor.fr\\\/concert-atlan-montpellier\\\/#primaryimage\"},\"thumbnailUrl\":\"http:\\\/\\\/www.luthierduquatuor.fr\\\/wp-content\\\/uploads\\\/2011\\\/12\\\/Affiche-Bilitis1erNov2011.jpg\",\"datePublished\":\"2011-12-08T10:12:16+00:00\",\"breadcrumb\":{\"@id\":\"https:\\\/\\\/www.luthierduquatuor.fr\\\/concert-atlan-montpellier\\\/#breadcrumb\"},\"inLanguage\":\"en-GB\",\"potentialAction\":[{\"@type\":\"ReadAction\",\"target\":[\"https:\\\/\\\/www.luthierduquatuor.fr\\\/concert-atlan-montpellier\\\/\"]}]},{\"@type\":\"ImageObject\",\"inLanguage\":\"en-GB\",\"@id\":\"https:\\\/\\\/www.luthierduquatuor.fr\\\/concert-atlan-montpellier\\\/#primaryimage\",\"url\":\"http:\\\/\\\/www.luthierduquatuor.fr\\\/wp-content\\\/uploads\\\/2011\\\/12\\\/Affiche-Bilitis1erNov2011.jpg\",\"contentUrl\":\"http:\\\/\\\/www.luthierduquatuor.fr\\\/wp-content\\\/uploads\\\/2011\\\/12\\\/Affiche-Bilitis1erNov2011.jpg\"},{\"@type\":\"BreadcrumbList\",\"@id\":\"https:\\\/\\\/www.luthierduquatuor.fr\\\/concert-atlan-montpellier\\\/#breadcrumb\",\"itemListElement\":[{\"@type\":\"ListItem\",\"position\":1,\"name\":\"Home\",\"item\":\"https:\\\/\\\/www.luthierduquatuor.fr\\\/en\\\/\"},{\"@type\":\"ListItem\",\"position\":2,\"name\":\"Cr\u00e9ations du compositeur Gerald Atlan \u00e0 Montpellier\"}]},{\"@type\":\"WebSite\",\"@id\":\"https:\\\/\\\/www.luthierduquatuor.fr\\\/en\\\/#website\",\"url\":\"https:\\\/\\\/www.luthierduquatuor.fr\\\/en\\\/\",\"name\":\"AG Violins\",\"description\":\"Ana\u00efs Gassin - Luthier du quatuor\",\"publisher\":{\"@id\":\"https:\\\/\\\/www.luthierduquatuor.fr\\\/en\\\/#organization\"},\"potentialAction\":[{\"@type\":\"SearchAction\",\"target\":{\"@type\":\"EntryPoint\",\"urlTemplate\":\"https:\\\/\\\/www.luthierduquatuor.fr\\\/en\\\/?s={search_term_string}\"},\"query-input\":{\"@type\":\"PropertyValueSpecification\",\"valueRequired\":true,\"valueName\":\"search_term_string\"}}],\"inLanguage\":\"en-GB\"},{\"@type\":\"Organization\",\"@id\":\"https:\\\/\\\/www.luthierduquatuor.fr\\\/en\\\/#organization\",\"name\":\"AG Violins\",\"url\":\"https:\\\/\\\/www.luthierduquatuor.fr\\\/en\\\/\",\"logo\":{\"@type\":\"ImageObject\",\"inLanguage\":\"en-GB\",\"@id\":\"https:\\\/\\\/www.luthierduquatuor.fr\\\/en\\\/#\\\/schema\\\/logo\\\/image\\\/\",\"url\":\"https:\\\/\\\/www.luthierduquatuor.fr\\\/wp-content\\\/uploads\\\/2020\\\/05\\\/AG_Luthier-du-Quatuor.jpg\",\"contentUrl\":\"https:\\\/\\\/www.luthierduquatuor.fr\\\/wp-content\\\/uploads\\\/2020\\\/05\\\/AG_Luthier-du-Quatuor.jpg\",\"width\":480,\"height\":636,\"caption\":\"AG Violins\"},\"image\":{\"@id\":\"https:\\\/\\\/www.luthierduquatuor.fr\\\/en\\\/#\\\/schema\\\/logo\\\/image\\\/\"},\"sameAs\":[\"https:\\\/\\\/www.facebook.com\\\/luthierduquatuor\\\/\",\"https:\\\/\\\/x.com\\\/AnaisGassin\"]},{\"@type\":\"Person\",\"@id\":\"https:\\\/\\\/www.luthierduquatuor.fr\\\/en\\\/#\\\/schema\\\/person\\\/b217344e2e16498ed06ca3f2c8157c62\",\"name\":\"luthierduquatuor\",\"image\":{\"@type\":\"ImageObject\",\"inLanguage\":\"en-GB\",\"@id\":\"https:\\\/\\\/secure.gravatar.com\\\/avatar\\\/5bdc20db099ac77518e3e804e275291fee890ab2b2014a9b2100bd03b1da75ba?s=96&d=wavatar&r=g\",\"url\":\"https:\\\/\\\/secure.gravatar.com\\\/avatar\\\/5bdc20db099ac77518e3e804e275291fee890ab2b2014a9b2100bd03b1da75ba?s=96&d=wavatar&r=g\",\"contentUrl\":\"https:\\\/\\\/secure.gravatar.com\\\/avatar\\\/5bdc20db099ac77518e3e804e275291fee890ab2b2014a9b2100bd03b1da75ba?s=96&d=wavatar&r=g\",\"caption\":\"luthierduquatuor\"}}]}<\/script>\n<!-- \/ Yoast SEO plugin. -->","yoast_head_json":{"title":"Cr\u00e9ations du compositeur Gerald Atlan \u00e0 Montpellier  - AG Violins","robots":{"index":"index","follow":"follow","max-snippet":"max-snippet:-1","max-image-preview":"max-image-preview:large","max-video-preview":"max-video-preview:-1"},"canonical":"https:\/\/www.luthierduquatuor.fr\/en\/concert-atlan-montpellier\/","og_locale":"en_GB","og_type":"article","og_title":"Cr\u00e9ations du compositeur Gerald Atlan \u00e0 Montpellier  - AG Violins","og_description":"Cr\u00e9ations de deux oeuvres du compositeur beaulieurois Gerald Atlan vendredi 9 d\u00e9cembre 2011 \u00e0 Montpellier. Chant et sonate pour violoncelle et piano.","og_url":"https:\/\/www.luthierduquatuor.fr\/en\/concert-atlan-montpellier\/","og_site_name":"AG Violins","article_publisher":"https:\/\/www.facebook.com\/luthierduquatuor\/","article_published_time":"2011-12-08T10:12:16+00:00","og_image":[{"url":"http:\/\/www.luthierduquatuor.fr\/wp-content\/uploads\/2011\/12\/Affiche-Bilitis1erNov2011.jpg","type":"","width":"","height":""}],"author":"luthierduquatuor","twitter_card":"summary_large_image","twitter_creator":"@AnaisGassin","twitter_site":"@AnaisGassin","twitter_misc":{"Written by":"luthierduquatuor"},"schema":{"@context":"https:\/\/schema.org","@graph":[{"@type":"Article","@id":"https:\/\/www.luthierduquatuor.fr\/concert-atlan-montpellier\/#article","isPartOf":{"@id":"https:\/\/www.luthierduquatuor.fr\/concert-atlan-montpellier\/"},"author":{"name":"luthierduquatuor","@id":"https:\/\/www.luthierduquatuor.fr\/en\/#\/schema\/person\/b217344e2e16498ed06ca3f2c8157c62"},"headline":"Cr\u00e9ations du compositeur Gerald Atlan \u00e0 Montpellier","datePublished":"2011-12-08T10:12:16+00:00","mainEntityOfPage":{"@id":"https:\/\/www.luthierduquatuor.fr\/concert-atlan-montpellier\/"},"wordCount":78,"commentCount":2,"publisher":{"@id":"https:\/\/www.luthierduquatuor.fr\/en\/#organization"},"image":{"@id":"https:\/\/www.luthierduquatuor.fr\/concert-atlan-montpellier\/#primaryimage"},"thumbnailUrl":"http:\/\/www.luthierduquatuor.fr\/wp-content\/uploads\/2011\/12\/Affiche-Bilitis1erNov2011.jpg","keywords":["Atlan","chant","concert","Montpellier","Musique","violoncelle"],"articleSection":["Concerts\/spectacles\/projets culturels"],"inLanguage":"en-GB","potentialAction":[{"@type":"CommentAction","name":"Comment","target":["https:\/\/www.luthierduquatuor.fr\/concert-atlan-montpellier\/#respond"]}]},{"@type":"WebPage","@id":"https:\/\/www.luthierduquatuor.fr\/concert-atlan-montpellier\/","url":"https:\/\/www.luthierduquatuor.fr\/concert-atlan-montpellier\/","name":"Cr\u00e9ations du compositeur Gerald Atlan \u00e0 Montpellier - AG Violins","isPartOf":{"@id":"https:\/\/www.luthierduquatuor.fr\/en\/#website"},"primaryImageOfPage":{"@id":"https:\/\/www.luthierduquatuor.fr\/concert-atlan-montpellier\/#primaryimage"},"image":{"@id":"https:\/\/www.luthierduquatuor.fr\/concert-atlan-montpellier\/#primaryimage"},"thumbnailUrl":"http:\/\/www.luthierduquatuor.fr\/wp-content\/uploads\/2011\/12\/Affiche-Bilitis1erNov2011.jpg","datePublished":"2011-12-08T10:12:16+00:00","breadcrumb":{"@id":"https:\/\/www.luthierduquatuor.fr\/concert-atlan-montpellier\/#breadcrumb"},"inLanguage":"en-GB","potentialAction":[{"@type":"ReadAction","target":["https:\/\/www.luthierduquatuor.fr\/concert-atlan-montpellier\/"]}]},{"@type":"ImageObject","inLanguage":"en-GB","@id":"https:\/\/www.luthierduquatuor.fr\/concert-atlan-montpellier\/#primaryimage","url":"http:\/\/www.luthierduquatuor.fr\/wp-content\/uploads\/2011\/12\/Affiche-Bilitis1erNov2011.jpg","contentUrl":"http:\/\/www.luthierduquatuor.fr\/wp-content\/uploads\/2011\/12\/Affiche-Bilitis1erNov2011.jpg"},{"@type":"BreadcrumbList","@id":"https:\/\/www.luthierduquatuor.fr\/concert-atlan-montpellier\/#breadcrumb","itemListElement":[{"@type":"ListItem","position":1,"name":"Home","item":"https:\/\/www.luthierduquatuor.fr\/en\/"},{"@type":"ListItem","position":2,"name":"Cr\u00e9ations du compositeur Gerald Atlan \u00e0 Montpellier"}]},{"@type":"WebSite","@id":"https:\/\/www.luthierduquatuor.fr\/en\/#website","url":"https:\/\/www.luthierduquatuor.fr\/en\/","name":"AG Violins","description":"Ana\u00efs Gassin - Luthier du quatuor","publisher":{"@id":"https:\/\/www.luthierduquatuor.fr\/en\/#organization"},"potentialAction":[{"@type":"SearchAction","target":{"@type":"EntryPoint","urlTemplate":"https:\/\/www.luthierduquatuor.fr\/en\/?s={search_term_string}"},"query-input":{"@type":"PropertyValueSpecification","valueRequired":true,"valueName":"search_term_string"}}],"inLanguage":"en-GB"},{"@type":"Organization","@id":"https:\/\/www.luthierduquatuor.fr\/en\/#organization","name":"AG Violins","url":"https:\/\/www.luthierduquatuor.fr\/en\/","logo":{"@type":"ImageObject","inLanguage":"en-GB","@id":"https:\/\/www.luthierduquatuor.fr\/en\/#\/schema\/logo\/image\/","url":"https:\/\/www.luthierduquatuor.fr\/wp-content\/uploads\/2020\/05\/AG_Luthier-du-Quatuor.jpg","contentUrl":"https:\/\/www.luthierduquatuor.fr\/wp-content\/uploads\/2020\/05\/AG_Luthier-du-Quatuor.jpg","width":480,"height":636,"caption":"AG Violins"},"image":{"@id":"https:\/\/www.luthierduquatuor.fr\/en\/#\/schema\/logo\/image\/"},"sameAs":["https:\/\/www.facebook.com\/luthierduquatuor\/","https:\/\/x.com\/AnaisGassin"]},{"@type":"Person","@id":"https:\/\/www.luthierduquatuor.fr\/en\/#\/schema\/person\/b217344e2e16498ed06ca3f2c8157c62","name":"luthierduquatuor","image":{"@type":"ImageObject","inLanguage":"en-GB","@id":"https:\/\/secure.gravatar.com\/avatar\/5bdc20db099ac77518e3e804e275291fee890ab2b2014a9b2100bd03b1da75ba?s=96&d=wavatar&r=g","url":"https:\/\/secure.gravatar.com\/avatar\/5bdc20db099ac77518e3e804e275291fee890ab2b2014a9b2100bd03b1da75ba?s=96&d=wavatar&r=g","contentUrl":"https:\/\/secure.gravatar.com\/avatar\/5bdc20db099ac77518e3e804e275291fee890ab2b2014a9b2100bd03b1da75ba?s=96&d=wavatar&r=g","caption":"luthierduquatuor"}}]}},"jetpack_featured_media_url":"","jetpack_shortlink":"https:\/\/wp.me\/p3Qmw9-sO","jetpack_sharing_enabled":true,"jetpack_likes_enabled":true,"jetpack-related-posts":[],"_links":{"self":[{"href":"http:\/\/www.luthierduquatuor.fr\/en\/wp-json\/wp\/v2\/posts\/1786","targetHints":{"allow":["GET"]}}],"collection":[{"href":"http:\/\/www.luthierduquatuor.fr\/en\/wp-json\/wp\/v2\/posts"}],"about":[{"href":"http:\/\/www.luthierduquatuor.fr\/en\/wp-json\/wp\/v2\/types\/post"}],"author":[{"embeddable":true,"href":"http:\/\/www.luthierduquatuor.fr\/en\/wp-json\/wp\/v2\/users\/1"}],"replies":[{"embeddable":true,"href":"http:\/\/www.luthierduquatuor.fr\/en\/wp-json\/wp\/v2\/comments?post=1786"}],"version-history":[{"count":0,"href":"http:\/\/www.luthierduquatuor.fr\/en\/wp-json\/wp\/v2\/posts\/1786\/revisions"}],"wp:attachment":[{"href":"http:\/\/www.luthierduquatuor.fr\/en\/wp-json\/wp\/v2\/media?parent=1786"}],"wp:term":[{"taxonomy":"category","embeddable":true,"href":"http:\/\/www.luthierduquatuor.fr\/en\/wp-json\/wp\/v2\/categories?post=1786"},{"taxonomy":"post_tag","embeddable":true,"href":"http:\/\/www.luthierduquatuor.fr\/en\/wp-json\/wp\/v2\/tags?post=1786"}],"curies":[{"name":"wp","href":"https:\/\/api.w.org\/{rel}","templated":true}]}}