{"id":1903,"date":"2012-05-06T10:18:05","date_gmt":"2012-05-06T08:18:05","guid":{"rendered":"http:\/\/www.luthierduquatuor.fr\/?p=1903"},"modified":"2012-05-06T10:18:05","modified_gmt":"2012-05-06T08:18:05","slug":"ecole-lutherie-mirecourt","status":"publish","type":"post","link":"http:\/\/www.luthierduquatuor.fr\/en\/ecole-lutherie-mirecourt\/","title":{"rendered":"Ecole de lutherie de Mirecourt"},"content":{"rendered":"<p>Petite vid\u00e9o qui pr\u00e9sente l&rsquo;\u00e9cole nationale de lutherie de Mirecourt \u00ab\u00a0Jean-Baptiste Vuillaume\u00a0\u00bb o\u00f9 on apprend les bases de la fabrication des instruments du quatuor \u00e0 cordes : alto, violon et violoncelle.<\/p>\n<p><iframe loading=\"lazy\" width=\"560\" height=\"315\" src=\"http:\/\/www.youtube.com\/embed\/iFqc3I91w5o\" frameborder=\"0\" allowfullscreen><\/iframe><\/p>","protected":false},"excerpt":{"rendered":"<p>Petite vid\u00e9o qui pr\u00e9sente l&rsquo;\u00e9cole nationale de lutherie de Mirecourt o\u00f9 on apprend les bases de la fabrication des instruments du quatuor : alto, violon et violoncelle.<\/p>","protected":false},"author":1,"featured_media":0,"comment_status":"open","ping_status":"closed","sticky":false,"template":"","format":"standard","meta":{"_jetpack_memberships_contains_paid_content":false,"footnotes":""},"categories":[15],"tags":[25,80,102,288,140,215,293,220],"class_list":["post-1903","post","type-post","status-publish","format-standard","hentry","category-ecoles","tag-alto","tag-ecole","tag-france","tag-lutherie","tag-mirecourt","tag-video","tag-violon","tag-violoncelle"],"yoast_head":"<!-- This site is optimized with the Yoast SEO plugin v27.5 - https:\/\/yoast.com\/product\/yoast-seo-wordpress\/ -->\n<title>Ecole de lutherie de Mirecourt - AG Violins<\/title>\n<meta name=\"robots\" content=\"index, follow, max-snippet:-1, max-image-preview:large, max-video-preview:-1\" \/>\n<link rel=\"canonical\" href=\"https:\/\/www.luthierduquatuor.fr\/en\/ecole-lutherie-mirecourt\/\" \/>\n<meta property=\"og:locale\" content=\"en_GB\" \/>\n<meta property=\"og:type\" content=\"article\" \/>\n<meta property=\"og:title\" content=\"Ecole de lutherie de Mirecourt - AG Violins\" \/>\n<meta property=\"og:description\" content=\"Petite vid\u00e9o qui pr\u00e9sente l&#039;\u00e9cole nationale de lutherie de Mirecourt o\u00f9 on apprend les bases de la fabrication des instruments du quatuor : alto, violon et violoncelle.\" \/>\n<meta property=\"og:url\" content=\"https:\/\/www.luthierduquatuor.fr\/en\/ecole-lutherie-mirecourt\/\" \/>\n<meta property=\"og:site_name\" content=\"AG Violins\" \/>\n<meta property=\"article:publisher\" content=\"https:\/\/www.facebook.com\/luthierduquatuor\/\" \/>\n<meta property=\"article:published_time\" content=\"2012-05-06T08:18:05+00:00\" \/>\n<meta name=\"author\" content=\"luthierduquatuor\" \/>\n<meta name=\"twitter:card\" content=\"summary_large_image\" \/>\n<meta name=\"twitter:creator\" content=\"@AnaisGassin\" \/>\n<meta name=\"twitter:site\" content=\"@AnaisGassin\" \/>\n<meta name=\"twitter:label1\" content=\"Written by\" \/>\n\t<meta name=\"twitter:data1\" content=\"luthierduquatuor\" \/>\n<script type=\"application\/ld+json\" class=\"yoast-schema-graph\">{\"@context\":\"https:\\\/\\\/schema.org\",\"@graph\":[{\"@type\":\"Article\",\"@id\":\"https:\\\/\\\/www.luthierduquatuor.fr\\\/ecole-lutherie-mirecourt\\\/#article\",\"isPartOf\":{\"@id\":\"https:\\\/\\\/www.luthierduquatuor.fr\\\/ecole-lutherie-mirecourt\\\/\"},\"author\":{\"name\":\"luthierduquatuor\",\"@id\":\"https:\\\/\\\/www.luthierduquatuor.fr\\\/en\\\/#\\\/schema\\\/person\\\/b217344e2e16498ed06ca3f2c8157c62\"},\"headline\":\"Ecole de lutherie de Mirecourt\",\"datePublished\":\"2012-05-06T08:18:05+00:00\",\"mainEntityOfPage\":{\"@id\":\"https:\\\/\\\/www.luthierduquatuor.fr\\\/ecole-lutherie-mirecourt\\\/\"},\"wordCount\":37,\"commentCount\":0,\"publisher\":{\"@id\":\"https:\\\/\\\/www.luthierduquatuor.fr\\\/en\\\/#organization\"},\"keywords\":[\"alto\",\"\u00e9cole\",\"France\",\"Lutherie\",\"Mirecourt\",\"vid\u00e9o\",\"violon\",\"violoncelle\"],\"articleSection\":[\"Ecoles\"],\"inLanguage\":\"en-GB\",\"potentialAction\":[{\"@type\":\"CommentAction\",\"name\":\"Comment\",\"target\":[\"https:\\\/\\\/www.luthierduquatuor.fr\\\/ecole-lutherie-mirecourt\\\/#respond\"]}]},{\"@type\":\"WebPage\",\"@id\":\"https:\\\/\\\/www.luthierduquatuor.fr\\\/ecole-lutherie-mirecourt\\\/\",\"url\":\"https:\\\/\\\/www.luthierduquatuor.fr\\\/ecole-lutherie-mirecourt\\\/\",\"name\":\"Ecole de lutherie de Mirecourt - AG Violins\",\"isPartOf\":{\"@id\":\"https:\\\/\\\/www.luthierduquatuor.fr\\\/en\\\/#website\"},\"datePublished\":\"2012-05-06T08:18:05+00:00\",\"breadcrumb\":{\"@id\":\"https:\\\/\\\/www.luthierduquatuor.fr\\\/ecole-lutherie-mirecourt\\\/#breadcrumb\"},\"inLanguage\":\"en-GB\",\"potentialAction\":[{\"@type\":\"ReadAction\",\"target\":[\"https:\\\/\\\/www.luthierduquatuor.fr\\\/ecole-lutherie-mirecourt\\\/\"]}]},{\"@type\":\"BreadcrumbList\",\"@id\":\"https:\\\/\\\/www.luthierduquatuor.fr\\\/ecole-lutherie-mirecourt\\\/#breadcrumb\",\"itemListElement\":[{\"@type\":\"ListItem\",\"position\":1,\"name\":\"Home\",\"item\":\"https:\\\/\\\/www.luthierduquatuor.fr\\\/en\\\/\"},{\"@type\":\"ListItem\",\"position\":2,\"name\":\"Ecole de lutherie de Mirecourt\"}]},{\"@type\":\"WebSite\",\"@id\":\"https:\\\/\\\/www.luthierduquatuor.fr\\\/en\\\/#website\",\"url\":\"https:\\\/\\\/www.luthierduquatuor.fr\\\/en\\\/\",\"name\":\"AG Violins\",\"description\":\"Ana\u00efs Gassin - Luthier du quatuor\",\"publisher\":{\"@id\":\"https:\\\/\\\/www.luthierduquatuor.fr\\\/en\\\/#organization\"},\"potentialAction\":[{\"@type\":\"SearchAction\",\"target\":{\"@type\":\"EntryPoint\",\"urlTemplate\":\"https:\\\/\\\/www.luthierduquatuor.fr\\\/en\\\/?s={search_term_string}\"},\"query-input\":{\"@type\":\"PropertyValueSpecification\",\"valueRequired\":true,\"valueName\":\"search_term_string\"}}],\"inLanguage\":\"en-GB\"},{\"@type\":\"Organization\",\"@id\":\"https:\\\/\\\/www.luthierduquatuor.fr\\\/en\\\/#organization\",\"name\":\"AG Violins\",\"url\":\"https:\\\/\\\/www.luthierduquatuor.fr\\\/en\\\/\",\"logo\":{\"@type\":\"ImageObject\",\"inLanguage\":\"en-GB\",\"@id\":\"https:\\\/\\\/www.luthierduquatuor.fr\\\/en\\\/#\\\/schema\\\/logo\\\/image\\\/\",\"url\":\"https:\\\/\\\/www.luthierduquatuor.fr\\\/wp-content\\\/uploads\\\/2020\\\/05\\\/AG_Luthier-du-Quatuor.jpg\",\"contentUrl\":\"https:\\\/\\\/www.luthierduquatuor.fr\\\/wp-content\\\/uploads\\\/2020\\\/05\\\/AG_Luthier-du-Quatuor.jpg\",\"width\":480,\"height\":636,\"caption\":\"AG Violins\"},\"image\":{\"@id\":\"https:\\\/\\\/www.luthierduquatuor.fr\\\/en\\\/#\\\/schema\\\/logo\\\/image\\\/\"},\"sameAs\":[\"https:\\\/\\\/www.facebook.com\\\/luthierduquatuor\\\/\",\"https:\\\/\\\/x.com\\\/AnaisGassin\"]},{\"@type\":\"Person\",\"@id\":\"https:\\\/\\\/www.luthierduquatuor.fr\\\/en\\\/#\\\/schema\\\/person\\\/b217344e2e16498ed06ca3f2c8157c62\",\"name\":\"luthierduquatuor\",\"image\":{\"@type\":\"ImageObject\",\"inLanguage\":\"en-GB\",\"@id\":\"https:\\\/\\\/secure.gravatar.com\\\/avatar\\\/5bdc20db099ac77518e3e804e275291fee890ab2b2014a9b2100bd03b1da75ba?s=96&d=wavatar&r=g\",\"url\":\"https:\\\/\\\/secure.gravatar.com\\\/avatar\\\/5bdc20db099ac77518e3e804e275291fee890ab2b2014a9b2100bd03b1da75ba?s=96&d=wavatar&r=g\",\"contentUrl\":\"https:\\\/\\\/secure.gravatar.com\\\/avatar\\\/5bdc20db099ac77518e3e804e275291fee890ab2b2014a9b2100bd03b1da75ba?s=96&d=wavatar&r=g\",\"caption\":\"luthierduquatuor\"}}]}<\/script>\n<!-- \/ Yoast SEO plugin. -->","yoast_head_json":{"title":"Ecole de lutherie de Mirecourt - AG Violins","robots":{"index":"index","follow":"follow","max-snippet":"max-snippet:-1","max-image-preview":"max-image-preview:large","max-video-preview":"max-video-preview:-1"},"canonical":"https:\/\/www.luthierduquatuor.fr\/en\/ecole-lutherie-mirecourt\/","og_locale":"en_GB","og_type":"article","og_title":"Ecole de lutherie de Mirecourt - AG Violins","og_description":"Petite vid\u00e9o qui pr\u00e9sente l'\u00e9cole nationale de lutherie de Mirecourt o\u00f9 on apprend les bases de la fabrication des instruments du quatuor : alto, violon et violoncelle.","og_url":"https:\/\/www.luthierduquatuor.fr\/en\/ecole-lutherie-mirecourt\/","og_site_name":"AG Violins","article_publisher":"https:\/\/www.facebook.com\/luthierduquatuor\/","article_published_time":"2012-05-06T08:18:05+00:00","author":"luthierduquatuor","twitter_card":"summary_large_image","twitter_creator":"@AnaisGassin","twitter_site":"@AnaisGassin","twitter_misc":{"Written by":"luthierduquatuor"},"schema":{"@context":"https:\/\/schema.org","@graph":[{"@type":"Article","@id":"https:\/\/www.luthierduquatuor.fr\/ecole-lutherie-mirecourt\/#article","isPartOf":{"@id":"https:\/\/www.luthierduquatuor.fr\/ecole-lutherie-mirecourt\/"},"author":{"name":"luthierduquatuor","@id":"https:\/\/www.luthierduquatuor.fr\/en\/#\/schema\/person\/b217344e2e16498ed06ca3f2c8157c62"},"headline":"Ecole de lutherie de Mirecourt","datePublished":"2012-05-06T08:18:05+00:00","mainEntityOfPage":{"@id":"https:\/\/www.luthierduquatuor.fr\/ecole-lutherie-mirecourt\/"},"wordCount":37,"commentCount":0,"publisher":{"@id":"https:\/\/www.luthierduquatuor.fr\/en\/#organization"},"keywords":["alto","\u00e9cole","France","Lutherie","Mirecourt","vid\u00e9o","violon","violoncelle"],"articleSection":["Ecoles"],"inLanguage":"en-GB","potentialAction":[{"@type":"CommentAction","name":"Comment","target":["https:\/\/www.luthierduquatuor.fr\/ecole-lutherie-mirecourt\/#respond"]}]},{"@type":"WebPage","@id":"https:\/\/www.luthierduquatuor.fr\/ecole-lutherie-mirecourt\/","url":"https:\/\/www.luthierduquatuor.fr\/ecole-lutherie-mirecourt\/","name":"Ecole de lutherie de Mirecourt - AG Violins","isPartOf":{"@id":"https:\/\/www.luthierduquatuor.fr\/en\/#website"},"datePublished":"2012-05-06T08:18:05+00:00","breadcrumb":{"@id":"https:\/\/www.luthierduquatuor.fr\/ecole-lutherie-mirecourt\/#breadcrumb"},"inLanguage":"en-GB","potentialAction":[{"@type":"ReadAction","target":["https:\/\/www.luthierduquatuor.fr\/ecole-lutherie-mirecourt\/"]}]},{"@type":"BreadcrumbList","@id":"https:\/\/www.luthierduquatuor.fr\/ecole-lutherie-mirecourt\/#breadcrumb","itemListElement":[{"@type":"ListItem","position":1,"name":"Home","item":"https:\/\/www.luthierduquatuor.fr\/en\/"},{"@type":"ListItem","position":2,"name":"Ecole de lutherie de Mirecourt"}]},{"@type":"WebSite","@id":"https:\/\/www.luthierduquatuor.fr\/en\/#website","url":"https:\/\/www.luthierduquatuor.fr\/en\/","name":"AG Violins","description":"Ana\u00efs Gassin - Luthier du quatuor","publisher":{"@id":"https:\/\/www.luthierduquatuor.fr\/en\/#organization"},"potentialAction":[{"@type":"SearchAction","target":{"@type":"EntryPoint","urlTemplate":"https:\/\/www.luthierduquatuor.fr\/en\/?s={search_term_string}"},"query-input":{"@type":"PropertyValueSpecification","valueRequired":true,"valueName":"search_term_string"}}],"inLanguage":"en-GB"},{"@type":"Organization","@id":"https:\/\/www.luthierduquatuor.fr\/en\/#organization","name":"AG Violins","url":"https:\/\/www.luthierduquatuor.fr\/en\/","logo":{"@type":"ImageObject","inLanguage":"en-GB","@id":"https:\/\/www.luthierduquatuor.fr\/en\/#\/schema\/logo\/image\/","url":"https:\/\/www.luthierduquatuor.fr\/wp-content\/uploads\/2020\/05\/AG_Luthier-du-Quatuor.jpg","contentUrl":"https:\/\/www.luthierduquatuor.fr\/wp-content\/uploads\/2020\/05\/AG_Luthier-du-Quatuor.jpg","width":480,"height":636,"caption":"AG Violins"},"image":{"@id":"https:\/\/www.luthierduquatuor.fr\/en\/#\/schema\/logo\/image\/"},"sameAs":["https:\/\/www.facebook.com\/luthierduquatuor\/","https:\/\/x.com\/AnaisGassin"]},{"@type":"Person","@id":"https:\/\/www.luthierduquatuor.fr\/en\/#\/schema\/person\/b217344e2e16498ed06ca3f2c8157c62","name":"luthierduquatuor","image":{"@type":"ImageObject","inLanguage":"en-GB","@id":"https:\/\/secure.gravatar.com\/avatar\/5bdc20db099ac77518e3e804e275291fee890ab2b2014a9b2100bd03b1da75ba?s=96&d=wavatar&r=g","url":"https:\/\/secure.gravatar.com\/avatar\/5bdc20db099ac77518e3e804e275291fee890ab2b2014a9b2100bd03b1da75ba?s=96&d=wavatar&r=g","contentUrl":"https:\/\/secure.gravatar.com\/avatar\/5bdc20db099ac77518e3e804e275291fee890ab2b2014a9b2100bd03b1da75ba?s=96&d=wavatar&r=g","caption":"luthierduquatuor"}}]}},"jetpack_featured_media_url":"","jetpack_shortlink":"https:\/\/wp.me\/p3Qmw9-uH","jetpack_sharing_enabled":true,"jetpack_likes_enabled":true,"jetpack-related-posts":[],"_links":{"self":[{"href":"http:\/\/www.luthierduquatuor.fr\/en\/wp-json\/wp\/v2\/posts\/1903","targetHints":{"allow":["GET"]}}],"collection":[{"href":"http:\/\/www.luthierduquatuor.fr\/en\/wp-json\/wp\/v2\/posts"}],"about":[{"href":"http:\/\/www.luthierduquatuor.fr\/en\/wp-json\/wp\/v2\/types\/post"}],"author":[{"embeddable":true,"href":"http:\/\/www.luthierduquatuor.fr\/en\/wp-json\/wp\/v2\/users\/1"}],"replies":[{"embeddable":true,"href":"http:\/\/www.luthierduquatuor.fr\/en\/wp-json\/wp\/v2\/comments?post=1903"}],"version-history":[{"count":0,"href":"http:\/\/www.luthierduquatuor.fr\/en\/wp-json\/wp\/v2\/posts\/1903\/revisions"}],"wp:attachment":[{"href":"http:\/\/www.luthierduquatuor.fr\/en\/wp-json\/wp\/v2\/media?parent=1903"}],"wp:term":[{"taxonomy":"category","embeddable":true,"href":"http:\/\/www.luthierduquatuor.fr\/en\/wp-json\/wp\/v2\/categories?post=1903"},{"taxonomy":"post_tag","embeddable":true,"href":"http:\/\/www.luthierduquatuor.fr\/en\/wp-json\/wp\/v2\/tags?post=1903"}],"curies":[{"name":"wp","href":"https:\/\/api.w.org\/{rel}","templated":true}]}}