{"id":1909,"date":"2012-05-13T11:00:31","date_gmt":"2012-05-13T09:00:31","guid":{"rendered":"http:\/\/www.luthierduquatuor.fr\/?p=1909"},"modified":"2021-02-22T14:03:12","modified_gmt":"2021-02-22T14:03:12","slug":"video-viole-gambe","status":"publish","type":"post","link":"http:\/\/www.luthierduquatuor.fr\/en\/video-viole-gambe\/","title":{"rendered":"Vid\u00e9o sur la viole de gambe"},"content":{"rendered":"<p>La famille des <strong>violes<\/strong> est cousine de la famille des violons. Apr\u00e8s avoir connu sa p\u00e9riode d&rsquo;or au XVII\u00e8me si\u00e8cle, la viole est peu \u00e0 peu d\u00e9laiss\u00e9e au profit des instruments de la famille du violon (alto, violon, violoncelle, contrebasse). Je vous rappelle qu&rsquo;il existe un dossier de la cit\u00e9 de la cit\u00e9 de la musique \u00e0 ce <a title=\"viole\" href=\"http:\/\/mediatheque.cite-musique.fr\/MediaComposite\/CMDM\/CMDM000000900\/default.htm\" target=\"_blank\" rel=\"noopener\">sujet<\/a>.<\/p>\n<p>Je vous propose cette <strong>vid\u00e9o<\/strong> qui montre <strong>la violiste<\/strong> Marianne M\u00fcller avec sa <strong>luthi\u00e8re<\/strong> Juith Kraft et le <strong>compositeur<\/strong> Bruno Giner. Le <strong>r\u00e9glage de sonorit\u00e9<\/strong> qu&rsquo;on voit dans cette vid\u00e9o est tout \u00e0 fait semblable aux r\u00e9glages effectu\u00e9s par les luthiers du quatuor.<\/p>\n<p><\/p>\n\n\n<figure class=\"wp-block-embed is-type-video is-provider-youtube wp-block-embed-youtube wp-embed-aspect-16-9 wp-has-aspect-ratio\"><div class=\"wp-block-embed__wrapper\">\n<span class=\"embed-youtube\" style=\"text-align:center; display: block;\"><iframe loading=\"lazy\" class=\"youtube-player\" width=\"750\" height=\"422\" src=\"https:\/\/www.youtube.com\/embed\/Lb-gFyc5-P4?version=3&#038;rel=1&#038;showsearch=0&#038;showinfo=1&#038;iv_load_policy=1&#038;fs=1&#038;hl=en-GB&#038;autohide=2&#038;wmode=transparent\" allowfullscreen=\"true\" style=\"border:0;\" sandbox=\"allow-scripts allow-same-origin allow-popups allow-presentation allow-popups-to-escape-sandbox\"><\/iframe><\/span>\n<\/div><\/figure>","protected":false},"excerpt":{"rendered":"<p>La viole est cousine du violon.<br \/>\nJe vous propose cette vid\u00e9o qui montre la violiste Marianne M\u00fcller avec sa luthi\u00e8re Juith Kraft et le compositeur Bruno Giner.<\/p>","protected":false},"author":1,"featured_media":0,"comment_status":"open","ping_status":"closed","sticky":false,"template":"","format":"standard","meta":{"_jetpack_newsletter_access":"","_jetpack_dont_email_post_to_subs":false,"_jetpack_newsletter_tier_id":0,"_jetpack_memberships_contains_paywalled_content":false,"_jetpack_feature_clip_id":0,"_jetpack_memberships_contains_paid_content":false,"footnotes":"","jetpack_post_was_ever_published":false},"categories":[14,10],"tags":[62,105,288,289,195,215,218],"class_list":["post-1909","post","type-post","status-publish","format-standard","hentry","category-documentation","category-videos","tag-composition","tag-gambe","tag-lutherie","tag-musique","tag-sonorite","tag-video","tag-viole"],"yoast_head":"<!-- This site is optimized with the Yoast SEO plugin v28.3 - https:\/\/yoast.com\/product\/yoast-seo-wordpress\/ -->\n<title>Vid\u00e9o sur la viole de gambe - AG Violins<\/title>\n<meta name=\"robots\" content=\"index, follow, max-snippet:-1, max-image-preview:large, max-video-preview:-1\" \/>\n<link rel=\"canonical\" href=\"https:\/\/www.luthierduquatuor.fr\/en\/video-viole-gambe\/\" \/>\n<meta property=\"og:locale\" content=\"en_GB\" \/>\n<meta property=\"og:type\" content=\"article\" \/>\n<meta property=\"og:title\" content=\"Vid\u00e9o sur la viole de gambe - AG Violins\" \/>\n<meta property=\"og:description\" content=\"La viole est cousine du violon. Je vous propose cette vid\u00e9o qui montre la violiste Marianne M\u00fcller avec sa luthi\u00e8re Juith Kraft et le compositeur Bruno Giner.\" \/>\n<meta property=\"og:url\" content=\"https:\/\/www.luthierduquatuor.fr\/en\/video-viole-gambe\/\" \/>\n<meta property=\"og:site_name\" content=\"AG Violins\" \/>\n<meta property=\"article:publisher\" content=\"https:\/\/www.facebook.com\/luthierduquatuor\/\" \/>\n<meta property=\"article:published_time\" content=\"2012-05-13T09:00:31+00:00\" \/>\n<meta property=\"article:modified_time\" content=\"2021-02-22T14:03:12+00:00\" \/>\n<meta name=\"author\" content=\"agviolins\" \/>\n<meta name=\"twitter:card\" content=\"summary_large_image\" \/>\n<meta name=\"twitter:creator\" content=\"@AnaisGassin\" \/>\n<meta name=\"twitter:site\" content=\"@AnaisGassin\" \/>\n<meta name=\"twitter:label1\" content=\"Written by\" \/>\n\t<meta name=\"twitter:data1\" content=\"agviolins\" \/>\n\t<meta name=\"twitter:label2\" content=\"Estimated reading time\" \/>\n\t<meta name=\"twitter:data2\" content=\"1 minute\" \/>\n<script type=\"application\/ld+json\" class=\"yoast-schema-graph\">{\"@context\":\"https:\\\/\\\/schema.org\",\"@graph\":[{\"@type\":\"Article\",\"@id\":\"https:\\\/\\\/www.luthierduquatuor.fr\\\/video-viole-gambe\\\/#article\",\"isPartOf\":{\"@id\":\"https:\\\/\\\/www.luthierduquatuor.fr\\\/video-viole-gambe\\\/\"},\"author\":{\"name\":\"agviolins\",\"@id\":\"https:\\\/\\\/www.luthierduquatuor.fr\\\/en\\\/#\\\/schema\\\/person\\\/94595ddb03c64e97315dad62f3addd89\"},\"headline\":\"Vid\u00e9o sur la viole de gambe\",\"datePublished\":\"2012-05-13T09:00:31+00:00\",\"dateModified\":\"2021-02-22T14:03:12+00:00\",\"mainEntityOfPage\":{\"@id\":\"https:\\\/\\\/www.luthierduquatuor.fr\\\/video-viole-gambe\\\/\"},\"wordCount\":130,\"commentCount\":0,\"publisher\":{\"@id\":\"https:\\\/\\\/www.luthierduquatuor.fr\\\/en\\\/#organization\"},\"keywords\":[\"composition\",\"gambe\",\"Lutherie\",\"Musique\",\"sonorit\u00e9\",\"vid\u00e9o\",\"viole\"],\"articleSection\":[\"Documentation\",\"Vid\u00e9os\"],\"inLanguage\":\"en-GB\",\"potentialAction\":[{\"@type\":\"CommentAction\",\"name\":\"Comment\",\"target\":[\"https:\\\/\\\/www.luthierduquatuor.fr\\\/video-viole-gambe\\\/#respond\"]}]},{\"@type\":\"WebPage\",\"@id\":\"https:\\\/\\\/www.luthierduquatuor.fr\\\/video-viole-gambe\\\/\",\"url\":\"https:\\\/\\\/www.luthierduquatuor.fr\\\/video-viole-gambe\\\/\",\"name\":\"Vid\u00e9o sur la viole de gambe - AG Violins\",\"isPartOf\":{\"@id\":\"https:\\\/\\\/www.luthierduquatuor.fr\\\/en\\\/#website\"},\"datePublished\":\"2012-05-13T09:00:31+00:00\",\"dateModified\":\"2021-02-22T14:03:12+00:00\",\"breadcrumb\":{\"@id\":\"https:\\\/\\\/www.luthierduquatuor.fr\\\/video-viole-gambe\\\/#breadcrumb\"},\"inLanguage\":\"en-GB\",\"potentialAction\":[{\"@type\":\"ReadAction\",\"target\":[\"https:\\\/\\\/www.luthierduquatuor.fr\\\/video-viole-gambe\\\/\"]}]},{\"@type\":\"BreadcrumbList\",\"@id\":\"https:\\\/\\\/www.luthierduquatuor.fr\\\/video-viole-gambe\\\/#breadcrumb\",\"itemListElement\":[{\"@type\":\"ListItem\",\"position\":1,\"name\":\"Home\",\"item\":\"https:\\\/\\\/www.luthierduquatuor.fr\\\/en\\\/\"},{\"@type\":\"ListItem\",\"position\":2,\"name\":\"Vid\u00e9o sur la viole de gambe\"}]},{\"@type\":\"WebSite\",\"@id\":\"https:\\\/\\\/www.luthierduquatuor.fr\\\/en\\\/#website\",\"url\":\"https:\\\/\\\/www.luthierduquatuor.fr\\\/en\\\/\",\"name\":\"AG Violins\",\"description\":\"Ana\u00efs Gassin - Luthier du quatuor\",\"publisher\":{\"@id\":\"https:\\\/\\\/www.luthierduquatuor.fr\\\/en\\\/#organization\"},\"potentialAction\":[{\"@type\":\"SearchAction\",\"target\":{\"@type\":\"EntryPoint\",\"urlTemplate\":\"https:\\\/\\\/www.luthierduquatuor.fr\\\/en\\\/?s={search_term_string}\"},\"query-input\":{\"@type\":\"PropertyValueSpecification\",\"valueRequired\":true,\"valueName\":\"search_term_string\"}}],\"inLanguage\":\"en-GB\"},{\"@type\":\"Organization\",\"@id\":\"https:\\\/\\\/www.luthierduquatuor.fr\\\/en\\\/#organization\",\"name\":\"AG Violins\",\"url\":\"https:\\\/\\\/www.luthierduquatuor.fr\\\/en\\\/\",\"logo\":{\"@type\":\"ImageObject\",\"inLanguage\":\"en-GB\",\"@id\":\"https:\\\/\\\/www.luthierduquatuor.fr\\\/en\\\/#\\\/schema\\\/logo\\\/image\\\/\",\"url\":\"https:\\\/\\\/www.luthierduquatuor.fr\\\/wp-content\\\/uploads\\\/2020\\\/05\\\/AG_Luthier-du-Quatuor.jpg\",\"contentUrl\":\"https:\\\/\\\/www.luthierduquatuor.fr\\\/wp-content\\\/uploads\\\/2020\\\/05\\\/AG_Luthier-du-Quatuor.jpg\",\"width\":480,\"height\":636,\"caption\":\"AG Violins\"},\"image\":{\"@id\":\"https:\\\/\\\/www.luthierduquatuor.fr\\\/en\\\/#\\\/schema\\\/logo\\\/image\\\/\"},\"sameAs\":[\"https:\\\/\\\/www.facebook.com\\\/luthierduquatuor\\\/\",\"https:\\\/\\\/x.com\\\/AnaisGassin\"]},{\"@type\":\"Person\",\"@id\":\"https:\\\/\\\/www.luthierduquatuor.fr\\\/en\\\/#\\\/schema\\\/person\\\/94595ddb03c64e97315dad62f3addd89\",\"name\":\"agviolins\",\"image\":{\"@type\":\"ImageObject\",\"inLanguage\":\"en-GB\",\"@id\":\"https:\\\/\\\/secure.gravatar.com\\\/avatar\\\/5bdc20db099ac77518e3e804e275291fee890ab2b2014a9b2100bd03b1da75ba?s=96&d=wavatar&r=g\",\"url\":\"https:\\\/\\\/secure.gravatar.com\\\/avatar\\\/5bdc20db099ac77518e3e804e275291fee890ab2b2014a9b2100bd03b1da75ba?s=96&d=wavatar&r=g\",\"contentUrl\":\"https:\\\/\\\/secure.gravatar.com\\\/avatar\\\/5bdc20db099ac77518e3e804e275291fee890ab2b2014a9b2100bd03b1da75ba?s=96&d=wavatar&r=g\",\"caption\":\"agviolins\"}}]}<\/script>\n<!-- \/ Yoast SEO plugin. -->","yoast_head_json":{"title":"Vid\u00e9o sur la viole de gambe - AG Violins","robots":{"index":"index","follow":"follow","max-snippet":"max-snippet:-1","max-image-preview":"max-image-preview:large","max-video-preview":"max-video-preview:-1"},"canonical":"https:\/\/www.luthierduquatuor.fr\/en\/video-viole-gambe\/","og_locale":"en_GB","og_type":"article","og_title":"Vid\u00e9o sur la viole de gambe - AG Violins","og_description":"La viole est cousine du violon. Je vous propose cette vid\u00e9o qui montre la violiste Marianne M\u00fcller avec sa luthi\u00e8re Juith Kraft et le compositeur Bruno Giner.","og_url":"https:\/\/www.luthierduquatuor.fr\/en\/video-viole-gambe\/","og_site_name":"AG Violins","article_publisher":"https:\/\/www.facebook.com\/luthierduquatuor\/","article_published_time":"2012-05-13T09:00:31+00:00","article_modified_time":"2021-02-22T14:03:12+00:00","author":"agviolins","twitter_card":"summary_large_image","twitter_creator":"@AnaisGassin","twitter_site":"@AnaisGassin","twitter_misc":{"Written by":"agviolins","Estimated reading time":"1 minute"},"schema":{"@context":"https:\/\/schema.org","@graph":[{"@type":"Article","@id":"https:\/\/www.luthierduquatuor.fr\/video-viole-gambe\/#article","isPartOf":{"@id":"https:\/\/www.luthierduquatuor.fr\/video-viole-gambe\/"},"author":{"name":"agviolins","@id":"https:\/\/www.luthierduquatuor.fr\/en\/#\/schema\/person\/94595ddb03c64e97315dad62f3addd89"},"headline":"Vid\u00e9o sur la viole de gambe","datePublished":"2012-05-13T09:00:31+00:00","dateModified":"2021-02-22T14:03:12+00:00","mainEntityOfPage":{"@id":"https:\/\/www.luthierduquatuor.fr\/video-viole-gambe\/"},"wordCount":130,"commentCount":0,"publisher":{"@id":"https:\/\/www.luthierduquatuor.fr\/en\/#organization"},"keywords":["composition","gambe","Lutherie","Musique","sonorit\u00e9","vid\u00e9o","viole"],"articleSection":["Documentation","Vid\u00e9os"],"inLanguage":"en-GB","potentialAction":[{"@type":"CommentAction","name":"Comment","target":["https:\/\/www.luthierduquatuor.fr\/video-viole-gambe\/#respond"]}]},{"@type":"WebPage","@id":"https:\/\/www.luthierduquatuor.fr\/video-viole-gambe\/","url":"https:\/\/www.luthierduquatuor.fr\/video-viole-gambe\/","name":"Vid\u00e9o sur la viole de gambe - AG Violins","isPartOf":{"@id":"https:\/\/www.luthierduquatuor.fr\/en\/#website"},"datePublished":"2012-05-13T09:00:31+00:00","dateModified":"2021-02-22T14:03:12+00:00","breadcrumb":{"@id":"https:\/\/www.luthierduquatuor.fr\/video-viole-gambe\/#breadcrumb"},"inLanguage":"en-GB","potentialAction":[{"@type":"ReadAction","target":["https:\/\/www.luthierduquatuor.fr\/video-viole-gambe\/"]}]},{"@type":"BreadcrumbList","@id":"https:\/\/www.luthierduquatuor.fr\/video-viole-gambe\/#breadcrumb","itemListElement":[{"@type":"ListItem","position":1,"name":"Home","item":"https:\/\/www.luthierduquatuor.fr\/en\/"},{"@type":"ListItem","position":2,"name":"Vid\u00e9o sur la viole de gambe"}]},{"@type":"WebSite","@id":"https:\/\/www.luthierduquatuor.fr\/en\/#website","url":"https:\/\/www.luthierduquatuor.fr\/en\/","name":"AG Violins","description":"Ana\u00efs Gassin - Luthier du quatuor","publisher":{"@id":"https:\/\/www.luthierduquatuor.fr\/en\/#organization"},"potentialAction":[{"@type":"SearchAction","target":{"@type":"EntryPoint","urlTemplate":"https:\/\/www.luthierduquatuor.fr\/en\/?s={search_term_string}"},"query-input":{"@type":"PropertyValueSpecification","valueRequired":true,"valueName":"search_term_string"}}],"inLanguage":"en-GB"},{"@type":"Organization","@id":"https:\/\/www.luthierduquatuor.fr\/en\/#organization","name":"AG Violins","url":"https:\/\/www.luthierduquatuor.fr\/en\/","logo":{"@type":"ImageObject","inLanguage":"en-GB","@id":"https:\/\/www.luthierduquatuor.fr\/en\/#\/schema\/logo\/image\/","url":"https:\/\/www.luthierduquatuor.fr\/wp-content\/uploads\/2020\/05\/AG_Luthier-du-Quatuor.jpg","contentUrl":"https:\/\/www.luthierduquatuor.fr\/wp-content\/uploads\/2020\/05\/AG_Luthier-du-Quatuor.jpg","width":480,"height":636,"caption":"AG Violins"},"image":{"@id":"https:\/\/www.luthierduquatuor.fr\/en\/#\/schema\/logo\/image\/"},"sameAs":["https:\/\/www.facebook.com\/luthierduquatuor\/","https:\/\/x.com\/AnaisGassin"]},{"@type":"Person","@id":"https:\/\/www.luthierduquatuor.fr\/en\/#\/schema\/person\/94595ddb03c64e97315dad62f3addd89","name":"agviolins","image":{"@type":"ImageObject","inLanguage":"en-GB","@id":"https:\/\/secure.gravatar.com\/avatar\/5bdc20db099ac77518e3e804e275291fee890ab2b2014a9b2100bd03b1da75ba?s=96&d=wavatar&r=g","url":"https:\/\/secure.gravatar.com\/avatar\/5bdc20db099ac77518e3e804e275291fee890ab2b2014a9b2100bd03b1da75ba?s=96&d=wavatar&r=g","contentUrl":"https:\/\/secure.gravatar.com\/avatar\/5bdc20db099ac77518e3e804e275291fee890ab2b2014a9b2100bd03b1da75ba?s=96&d=wavatar&r=g","caption":"agviolins"}}]}},"jetpack_shortlink":"https:\/\/wp.me\/p3Qmw9-uN","jetpack_sharing_enabled":true,"jetpack_likes_enabled":true,"jetpack-related-posts":[{"id":1596,"url":"http:\/\/www.luthierduquatuor.fr\/en\/video-luthier-violon\/","url_meta":{"origin":1909,"position":0},"title":"Vid\u00e9o de pr\u00e9sentation","author":"agviolins","date":"3 January 2021","format":false,"excerpt":"Un petit aper\u00e7u de mon travail de luthi\u00e8re et de la fabrication des violon et violoncelle \u00e0 travers l'oeil de la camera de Xavier Cailhol. En exclusivit\u00e9, les premiers sons du violoncelle dont je vous ai racont\u00e9 la fabrication sur ce blog.","rel":"","context":"In &quot;Fabrication&quot;","block_context":{"text":"Fabrication","link":"http:\/\/www.luthierduquatuor.fr\/en\/category\/lutherie\/latelier\/fabrication\/"},"img":{"alt_text":"","src":"https:\/\/i0.wp.com\/www.luthierduquatuor.fr\/wp-content\/uploads\/2023\/01\/Screenshot-2023-01-03-at-15.33.19.png?fit=1200%2C678&ssl=1&resize=350%2C200","width":350,"height":200,"srcset":"https:\/\/i0.wp.com\/www.luthierduquatuor.fr\/wp-content\/uploads\/2023\/01\/Screenshot-2023-01-03-at-15.33.19.png?fit=1200%2C678&ssl=1&resize=350%2C200 1x, https:\/\/i0.wp.com\/www.luthierduquatuor.fr\/wp-content\/uploads\/2023\/01\/Screenshot-2023-01-03-at-15.33.19.png?fit=1200%2C678&ssl=1&resize=525%2C300 1.5x, https:\/\/i0.wp.com\/www.luthierduquatuor.fr\/wp-content\/uploads\/2023\/01\/Screenshot-2023-01-03-at-15.33.19.png?fit=1200%2C678&ssl=1&resize=700%2C400 2x, https:\/\/i0.wp.com\/www.luthierduquatuor.fr\/wp-content\/uploads\/2023\/01\/Screenshot-2023-01-03-at-15.33.19.png?fit=1200%2C678&ssl=1&resize=1050%2C600 3x"},"classes":[]},{"id":2428,"url":"http:\/\/www.luthierduquatuor.fr\/en\/naissance-violon-video\/","url_meta":{"origin":1909,"position":1},"title":"Le violon : Sa fabrication, ses myst\u00e8res (Vid\u00e9o)","author":"agviolins","date":"26 November 2013","format":false,"excerpt":"La fabrication d'un violon est une histoire d'\u00e9motions avant tout. Le proc\u00e9d\u00e9 de mise en oeuvre n'a pourtant pas connu de grande variation depuis le XVIe si\u00e8cle. Ana\u00efs \u00a0caresse le bois, l'\u00e9coute, l'observe avec attention en qu\u00eate d'une vibration premi\u00e8re qui sera alors mise en vie par le musicien. La\u2026","rel":"","context":"In &quot;Fabrication&quot;","block_context":{"text":"Fabrication","link":"http:\/\/www.luthierduquatuor.fr\/en\/category\/lutherie\/latelier\/fabrication\/"},"img":{"alt_text":"","src":"https:\/\/i0.wp.com\/www.luthierduquatuor.fr\/wp-content\/uploads\/2010\/09\/contre-eclisses-web001.jpg?fit=1000%2C666&ssl=1&resize=350%2C200","width":350,"height":200,"srcset":"https:\/\/i0.wp.com\/www.luthierduquatuor.fr\/wp-content\/uploads\/2010\/09\/contre-eclisses-web001.jpg?fit=1000%2C666&ssl=1&resize=350%2C200 1x, https:\/\/i0.wp.com\/www.luthierduquatuor.fr\/wp-content\/uploads\/2010\/09\/contre-eclisses-web001.jpg?fit=1000%2C666&ssl=1&resize=525%2C300 1.5x, https:\/\/i0.wp.com\/www.luthierduquatuor.fr\/wp-content\/uploads\/2010\/09\/contre-eclisses-web001.jpg?fit=1000%2C666&ssl=1&resize=700%2C400 2x"},"classes":[]},{"id":838,"url":"http:\/\/www.luthierduquatuor.fr\/en\/tracage-decoupe-ouies-ff\/","url_meta":{"origin":1909,"position":2},"title":"D\u00e9coupe des ou\u00efes (ff)","author":"agviolins","date":"15 July 2010","format":false,"excerpt":"Je vous propose une petite explication en image du tra\u00e7age et d\u00e9coupage des FF (aussi appel\u00e9s ou\u00efes).","rel":"","context":"In &quot;Fabrication&quot;","block_context":{"text":"Fabrication","link":"http:\/\/www.luthierduquatuor.fr\/en\/category\/lutherie\/latelier\/fabrication\/"},"img":{"alt_text":"calcul-trace-chat","src":"https:\/\/i0.wp.com\/www.luthierduquatuor.fr\/wp-content\/uploads\/2010\/07\/FF-OUIES-01.jpg?resize=350%2C200","width":350,"height":200},"classes":[]},{"id":2700,"url":"http:\/\/www.luthierduquatuor.fr\/en\/video-accordons-violons\/","url_meta":{"origin":1909,"position":3},"title":"[Vid\u00e9o] Accordons nos violons","author":"agviolins","date":"23 January 2014","format":false,"excerpt":"En 1998, la c\u00e9l\u00e8bre \u00e9mission C'est pas Sorcier avait d\u00e9di\u00e9 un num\u00e9ro sp\u00e9cial sur les instruments des orchestres symphoniques afin de familiariser les plus jeunes avec le monde de la musique classique. Le fil conducteur de Fred et Jamy \u00e9tait l'accord des notes. Ainsi, nous d\u00e9couvrons la formation d'un orchestre,\u2026","rel":"","context":"In &quot;Documentation&quot;","block_context":{"text":"Documentation","link":"http:\/\/www.luthierduquatuor.fr\/en\/category\/lutherie\/documentation\/"},"img":{"alt_text":"","src":"https:\/\/i0.wp.com\/www.luthierduquatuor.fr\/wp-content\/uploads\/2014\/01\/cest-pas-sorcier.jpg?fit=624%2C472&ssl=1&resize=350%2C200","width":350,"height":200,"srcset":"https:\/\/i0.wp.com\/www.luthierduquatuor.fr\/wp-content\/uploads\/2014\/01\/cest-pas-sorcier.jpg?fit=624%2C472&ssl=1&resize=350%2C200 1x, https:\/\/i0.wp.com\/www.luthierduquatuor.fr\/wp-content\/uploads\/2014\/01\/cest-pas-sorcier.jpg?fit=624%2C472&ssl=1&resize=525%2C300 1.5x"},"classes":[]},{"id":1659,"url":"http:\/\/www.luthierduquatuor.fr\/en\/dossier-sur-les-vieles-dorient\/","url_meta":{"origin":1909,"position":4},"title":"Dossier sur les vi\u00e8les d&rsquo;orient","author":"agviolins","date":"4 July 2011","format":false,"excerpt":"Je vous ai d\u00e9j\u00e0 parl\u00e9 des nombreux dossiers sur l\u2019histoire, la classification et l\u2019\u00e9volution des instruments de musique, propos\u00e9s sur le site de la cit\u00e9 de la musique (ici et l\u00e0). Le nouveau dossier propos\u00e9 par le mus\u00e9e s'int\u00e9resse, comme l'indique le titre, aux vi\u00e8les d'orient. Il est d'autant plus\u2026","rel":"","context":"In &quot;Documentation&quot;","block_context":{"text":"Documentation","link":"http:\/\/www.luthierduquatuor.fr\/en\/category\/lutherie\/documentation\/"},"img":{"alt_text":"","src":"https:\/\/i0.wp.com\/mediatheque.cite-musique.fr\/MediaComposite\/CMDM\/CMDM000001400\/images\/19955a.jpg?resize=350%2C200","width":350,"height":200},"classes":[]},{"id":1564,"url":"http:\/\/www.luthierduquatuor.fr\/en\/video-sculpture-voute\/","url_meta":{"origin":1909,"position":5},"title":"Vid\u00e9o sculpture de vo\u00fbte","author":"agviolins","date":"12 April 2011","format":false,"excerpt":"Vid\u00e9o sur la sculpture de la vo\u00fbte d'un fond de violon. Musique jou\u00e9 sur un violoncelle fabriqu\u00e9 par Ana\u00efs Gassin.","rel":"","context":"In &quot;Fabrication&quot;","block_context":{"text":"Fabrication","link":"http:\/\/www.luthierduquatuor.fr\/en\/category\/lutherie\/latelier\/fabrication\/"},"img":{"alt_text":"","src":"https:\/\/i0.wp.com\/img.youtube.com\/vi\/lu4n7NIVmYc\/0.jpg?resize=350%2C200","width":350,"height":200},"classes":[]}],"jetpack_featured_media_url":"","_links":{"self":[{"href":"http:\/\/www.luthierduquatuor.fr\/en\/wp-json\/wp\/v2\/posts\/1909","targetHints":{"allow":["GET"]}}],"collection":[{"href":"http:\/\/www.luthierduquatuor.fr\/en\/wp-json\/wp\/v2\/posts"}],"about":[{"href":"http:\/\/www.luthierduquatuor.fr\/en\/wp-json\/wp\/v2\/types\/post"}],"author":[{"embeddable":true,"href":"http:\/\/www.luthierduquatuor.fr\/en\/wp-json\/wp\/v2\/users\/1"}],"replies":[{"embeddable":true,"href":"http:\/\/www.luthierduquatuor.fr\/en\/wp-json\/wp\/v2\/comments?post=1909"}],"version-history":[{"count":0,"href":"http:\/\/www.luthierduquatuor.fr\/en\/wp-json\/wp\/v2\/posts\/1909\/revisions"}],"wp:attachment":[{"href":"http:\/\/www.luthierduquatuor.fr\/en\/wp-json\/wp\/v2\/media?parent=1909"}],"wp:term":[{"taxonomy":"category","embeddable":true,"href":"http:\/\/www.luthierduquatuor.fr\/en\/wp-json\/wp\/v2\/categories?post=1909"},{"taxonomy":"post_tag","embeddable":true,"href":"http:\/\/www.luthierduquatuor.fr\/en\/wp-json\/wp\/v2\/tags?post=1909"}],"curies":[{"name":"wp","href":"https:\/\/api.w.org\/{rel}","templated":true}]}}