{"id":2455,"date":"2013-11-25T20:30:01","date_gmt":"2013-11-25T20:30:01","guid":{"rendered":"http:\/\/www.luthierduquatuor.fr\/?p=2455"},"modified":"2014-05-08T14:55:32","modified_gmt":"2014-05-08T14:55:32","slug":"nicole-tamestit-luthier-du-quatuor","status":"publish","type":"post","link":"http:\/\/www.luthierduquatuor.fr\/en\/nicole-tamestit-luthier-du-quatuor\/","title":{"rendered":"Nicole TAMESTIT \u00e0 l&rsquo;Atelier d&rsquo;Ana\u00efs &#8211; Luthier du Quatuor"},"content":{"rendered":"<p>Tr\u00e8s r\u00e9cemment, j&rsquo;ai eu le plaisir d&rsquo;accueillir dans mon atelier Nicole TAMESTIT. Violoniste concertiste, chercheuse, une musicienne brillante qui m&rsquo;a fait la joie de jouer avec l&rsquo;une de mes cr\u00e9ations et partager ses sensations.<\/p>\n<blockquote><p>Quel plaisir, lors d\u2019une tourn\u00e9e, de d\u00e9couvrir l\u2019atelier d\u2019Ana\u00efs Gassin, dans une petite rue d\u2019un village ensoleill\u00e9 pr\u00e8s de Montpellier, et de pouvoir jouer avec une de ses r\u00e9centes cr\u00e9ations\u00a0: un violon\u00a0d\u2019embl\u00e9e \u201cfacile\u201c \u00e0 jouer, que j\u2019ai beaucoup appr\u00e9ci\u00e9 pour son \u00e9quilibre, sa profondeur, son timbre chaud et qui semble ne demander qu\u2019\u00e0 s\u2019ouvrir. <em><\/em><em>Bravo d\u2019avoir d\u00e9j\u00e0 tant trouv\u00e9 ! <\/em><em>Je suivrai le parcours d\u2019Ana\u00efs Gassin avec grand int\u00e9r\u00eat.<\/em><\/p><\/blockquote>\n<p><em>Nicole TAMESTIT &#8211;\u00a0Violoniste concertiste<\/em><\/p>\n<p>&nbsp;<\/p>\n<h2>Portrait de Nicoles TAMESTIT<\/h2>\n<p style=\"text-align: justify;\"><a href=\"http:\/\/www.luthierduquatuor.fr\/en\/portfolio-item\/nicole-tamestit\/nicoletamestit_300-2\/\" rel=\"attachment wp-att-2454\"><img data-recalc-dims=\"1\" loading=\"lazy\" decoding=\"async\" data-attachment-id=\"2454\" data-permalink=\"http:\/\/www.luthierduquatuor.fr\/en\/nicoletamestit_300-2\/\" data-orig-file=\"https:\/\/i0.wp.com\/www.luthierduquatuor.fr\/wp-content\/uploads\/2013\/11\/NicoleTamestit_3001.jpg?fit=300%2C450&amp;ssl=1\" data-orig-size=\"300,450\" data-comments-opened=\"1\" data-image-meta=\"{&quot;aperture&quot;:&quot;0&quot;,&quot;credit&quot;:&quot;&quot;,&quot;camera&quot;:&quot;&quot;,&quot;caption&quot;:&quot;&quot;,&quot;created_timestamp&quot;:&quot;0&quot;,&quot;copyright&quot;:&quot;&quot;,&quot;focal_length&quot;:&quot;0&quot;,&quot;iso&quot;:&quot;0&quot;,&quot;shutter_speed&quot;:&quot;0&quot;,&quot;title&quot;:&quot;&quot;}\" data-image-title=\"NicoleTamestit_300\" data-image-description=\"\" data-image-caption=\"\" data-large-file=\"https:\/\/i0.wp.com\/www.luthierduquatuor.fr\/wp-content\/uploads\/2013\/11\/NicoleTamestit_3001.jpg?fit=300%2C450&amp;ssl=1\" class=\"aligncenter size-full wp-image-2454\" alt=\"NicoleTamestit_300\" src=\"https:\/\/i0.wp.com\/www.luthierduquatuor.fr\/wp-content\/uploads\/2013\/11\/NicoleTamestit_3001.jpg?resize=300%2C450\" width=\"300\" height=\"450\" srcset=\"https:\/\/i0.wp.com\/www.luthierduquatuor.fr\/wp-content\/uploads\/2013\/11\/NicoleTamestit_3001.jpg?w=300&amp;ssl=1 300w, https:\/\/i0.wp.com\/www.luthierduquatuor.fr\/wp-content\/uploads\/2013\/11\/NicoleTamestit_3001.jpg?resize=100%2C150&amp;ssl=1 100w, https:\/\/i0.wp.com\/www.luthierduquatuor.fr\/wp-content\/uploads\/2013\/11\/NicoleTamestit_3001.jpg?resize=200%2C300&amp;ssl=1 200w\" sizes=\"auto, (max-width: 300px) 100vw, 300px\" \/><\/a>Apr\u00e8s des \u00e9tudes \u201cclassiques\u201d au Conservatoire National R\u00e9gional de Nice (Prix obtenus en 1973), puis avec Aaron ROSAND, le trajet artistique de Nicole TAMESTIT m\u00eale recherche musicale, recherche corporelle et int\u00e9rieure, notamment par un long travail avec l\u2019 auteur de l\u2019essai \u201cLe violon int\u00e9rieur\u201d, Dominique HOPPENOT, et par un apprentissage approfondi sur les processus de groupe avec la psychanalyste Lisbeth von BENEDEK.<\/p>\n<p style=\"text-align: justify;\">Passionn\u00e9e de p\u00e9dagogie, ce parcours personnel lui fera choisir, de 1983 \u00e0 1994, un cadre de travail sortant des sentiers battus de l\u2019enseignement musical, l\u2019Ecole Nationale de Musique du Blanc-Mesnil, dont beaucoup de conceptions novatrices sont aujourd\u2019hui reprises au plan national, et o\u00f9 elle dirige entre autres, depuis plusieurs ann\u00e9es, un atelier p\u00e9dagogique de violon contemporain dans le cadre de la formation professionnelle.\u00a0Actuellement, elle continue \u00e0 appliquer ces principes dans le cadre de l\u2019Ecole Nationale de Musique d\u2019Evreux.<\/p>\n<p style=\"text-align: justify;\">La premi\u00e8re partie de sa vie artistique sera marqu\u00e9e par un grand engagement dans la musique de notre \u00e9poque, notamment comme membre de 1983 \u00e0 1993 de l\u2019ensemble \u201cKaleidocollage\u201d, sextuor plurinational constitu\u00e9 autour du \u201cPierrot Lunaire\u201d, et qui, durant plus de 10 ans, a multipli\u00e9 les cr\u00e9ations d\u2019\u0153uvres, en Europe, au Canada et aux U.S.A., de compositeurs actuels \u00e9crivant pour l\u2019 ensemble, comme membre de l\u2019 Ensemble instrumental du Blanc-Mesnil, o\u00f9 elle se produit comme violon solo lors des importantes journ\u00e9es consacr\u00e9es \u00e0 Sylvano BUSSOTTI (1987), Iannis XENAKIS (1987), Fran\u00e7ois-Bernard M\u00c2CHE (1988), ou pour le po\u00e8me lyrique \u201cAnahit\u201d, avec orchestre, de Giacinto SCELSI (1992) et pour la \u201cSequenza VIII\u201d de Luciano BERIO (1993) \u2013 et \u00e9galement avec l\u2019ensemble \u201cAleph\u201d pour une cr\u00e9ation de G\u00e9rard TAMESTIT.<\/p>\n<p style=\"text-align: justify;\"><a href=\"http:\/\/www.luthierduquatuor.fr\/en\/nicole-tamestit-luthier-du-quatuor\/nicole-tamestit-violon\/\" rel=\"attachment wp-att-2457\"><img data-recalc-dims=\"1\" loading=\"lazy\" decoding=\"async\" data-attachment-id=\"2457\" data-permalink=\"http:\/\/www.luthierduquatuor.fr\/en\/nicole-tamestit-luthier-du-quatuor\/nicole-tamestit-violon\/\" data-orig-file=\"https:\/\/i0.wp.com\/www.luthierduquatuor.fr\/wp-content\/uploads\/2013\/11\/TAMESTIT.jpg?fit=350%2C526&amp;ssl=1\" data-orig-size=\"350,526\" data-comments-opened=\"1\" data-image-meta=\"{&quot;aperture&quot;:&quot;0&quot;,&quot;credit&quot;:&quot;&quot;,&quot;camera&quot;:&quot;&quot;,&quot;caption&quot;:&quot;&quot;,&quot;created_timestamp&quot;:&quot;0&quot;,&quot;copyright&quot;:&quot;&quot;,&quot;focal_length&quot;:&quot;0&quot;,&quot;iso&quot;:&quot;0&quot;,&quot;shutter_speed&quot;:&quot;0&quot;,&quot;title&quot;:&quot;Nicole Tamestit - violon&quot;}\" data-image-title=\"Nicole Tamestit &amp;#8211; violon\" data-image-description=\"\" data-image-caption=\"\" data-large-file=\"https:\/\/i0.wp.com\/www.luthierduquatuor.fr\/wp-content\/uploads\/2013\/11\/TAMESTIT.jpg?fit=350%2C526&amp;ssl=1\" class=\"aligncenter size-full wp-image-2457\" alt=\"Nicole Tamestit - violon\" src=\"https:\/\/i0.wp.com\/www.luthierduquatuor.fr\/wp-content\/uploads\/2013\/11\/TAMESTIT.jpg?resize=350%2C526\" width=\"350\" height=\"526\" srcset=\"https:\/\/i0.wp.com\/www.luthierduquatuor.fr\/wp-content\/uploads\/2013\/11\/TAMESTIT.jpg?w=350&amp;ssl=1 350w, https:\/\/i0.wp.com\/www.luthierduquatuor.fr\/wp-content\/uploads\/2013\/11\/TAMESTIT.jpg?resize=99%2C150&amp;ssl=1 99w, https:\/\/i0.wp.com\/www.luthierduquatuor.fr\/wp-content\/uploads\/2013\/11\/TAMESTIT.jpg?resize=199%2C300&amp;ssl=1 199w\" sizes=\"auto, (max-width: 350px) 100vw, 350px\" \/><\/a>Passionn\u00e9e par l\u2019 oeuvre de Jean Sebastien Bach, sa recherche de v\u00e9rit\u00e9 stylistique et sonore l\u2019am\u00e8nera vers les instruments anciens, d\u2019abord par sa rencontre avec Antoine GEOFFROY-DECHAUME, puis progressivement comme membre de la \u201cChapelle Royale\u201d et de l\u2019\u201cOrchestre des Champs Elys\u00e9es\u201d auquel elle collabore r\u00e9guli\u00e8rement sous la direction de Philippe HERREWEHE, ainsi que du \u201cConcert Royal\u201d et, avec William CHRISTIE, des \u201cArts Florissants\u201d. Elle donnera plusieurs fois l\u2019int\u00e9grale des Sonates et Partitas de J.S.Bach.<\/p>\n<p style=\"text-align: justify;\">Elle a fond\u00e9 son duo avec le pianiste Pierre BOUYER en 1983 ; son premier C.D. avec Pierre Bouyer au pianoforte, est consacr\u00e9 \u00e0 une version in\u00e9dite des \u201cSept Derni\u00e8res Paroles du Christ en Croix\u201d de Franz Joseph Haydn et son engagement dans la cr\u00e9ation de la \u201cCompagnie du Pianoforte\u201d date de 1994.<\/p>\n<p style=\"text-align: justify;\">Cr\u00e9dit Photo: Nicole Tamestit \/ Chartres.fr \/ Rivegauche Musique<\/p>\n<p style=\"text-align: justify;\">Via \u00a0le site\u00a0<a href=\"http:\/\/www.nicoletamestit.com\/\">http:\/\/www.nicoletamestit.com\/<\/a><\/p>","protected":false},"excerpt":{"rendered":"<p>Tr\u00e8s r\u00e9cemment, j&rsquo;ai eu le plaisir d&rsquo;accueillir dans mon atelier Nicole TAMESTIT. Violoniste concertiste, chercheuse, une musicienne brillante qui m&rsquo;a fait la joie de jouer avec l&rsquo;une de mes cr\u00e9ations et partager ses sensations. Quel plaisir, lors d\u2019une tourn\u00e9e, de d\u00e9couvrir l\u2019atelier d\u2019Ana\u00efs Gassin, dans une petite rue d\u2019un village [&hellip;]<\/p>\n","protected":false},"author":1,"featured_media":2456,"comment_status":"open","ping_status":"closed","sticky":false,"template":"","format":"standard","meta":{"_jetpack_memberships_contains_paid_content":false,"footnotes":""},"categories":[247],"tags":[261,126,260,293,221],"class_list":["post-2455","post","type-post","status-publish","format-standard","has-post-thumbnail","hentry","category-rencontres","tag-261","tag-luthier","tag-nicole-tamestit","tag-violon","tag-violoniste"],"yoast_head":"<!-- This site is optimized with the Yoast SEO plugin v27.5 - https:\/\/yoast.com\/product\/yoast-seo-wordpress\/ -->\n<title>Nicole TAMESTIT \u00e0 l&#039;Atelier d&#039;Ana\u00efs - Luthier du Quatuor - AG Violins<\/title>\n<meta name=\"robots\" content=\"index, follow, max-snippet:-1, max-image-preview:large, max-video-preview:-1\" \/>\n<link rel=\"canonical\" href=\"http:\/\/www.luthierduquatuor.fr\/en\/nicole-tamestit-luthier-du-quatuor\/\" \/>\n<meta property=\"og:locale\" content=\"en_GB\" \/>\n<meta property=\"og:type\" content=\"article\" \/>\n<meta property=\"og:title\" content=\"Nicole TAMESTIT \u00e0 l&#039;Atelier d&#039;Ana\u00efs - Luthier du Quatuor - AG Violins\" \/>\n<meta property=\"og:description\" content=\"Tr\u00e8s r\u00e9cemment, j&rsquo;ai eu le plaisir d&rsquo;accueillir dans mon atelier Nicole TAMESTIT. Violoniste concertiste, chercheuse, une musicienne brillante qui m&rsquo;a fait la joie de jouer avec l&rsquo;une de mes cr\u00e9ations et partager ses sensations. Quel plaisir, lors d\u2019une tourn\u00e9e, de d\u00e9couvrir l\u2019atelier d\u2019Ana\u00efs Gassin, dans une petite rue d\u2019un village [&hellip;]\" \/>\n<meta property=\"og:url\" content=\"http:\/\/www.luthierduquatuor.fr\/en\/nicole-tamestit-luthier-du-quatuor\/\" \/>\n<meta property=\"og:site_name\" content=\"AG Violins\" \/>\n<meta property=\"article:publisher\" content=\"https:\/\/www.facebook.com\/luthierduquatuor\/\" \/>\n<meta property=\"article:published_time\" content=\"2013-11-25T20:30:01+00:00\" \/>\n<meta property=\"article:modified_time\" content=\"2014-05-08T14:55:32+00:00\" \/>\n<meta property=\"og:image\" content=\"https:\/\/www.luthierduquatuor.fr\/wp-content\/uploads\/2013\/11\/musiciens131-590x255.jpg\" \/>\n\t<meta property=\"og:image:width\" content=\"590\" \/>\n\t<meta property=\"og:image:height\" content=\"255\" \/>\n\t<meta property=\"og:image:type\" content=\"image\/jpeg\" \/>\n<meta name=\"author\" content=\"luthierduquatuor\" \/>\n<meta name=\"twitter:card\" content=\"summary_large_image\" \/>\n<meta name=\"twitter:creator\" content=\"@AnaisGassin\" \/>\n<meta name=\"twitter:site\" content=\"@AnaisGassin\" \/>\n<meta name=\"twitter:label1\" content=\"Written by\" \/>\n\t<meta name=\"twitter:data1\" content=\"luthierduquatuor\" \/>\n\t<meta name=\"twitter:label2\" content=\"Estimated reading time\" \/>\n\t<meta name=\"twitter:data2\" content=\"3 minutes\" \/>\n<script type=\"application\/ld+json\" class=\"yoast-schema-graph\">{\"@context\":\"https:\\\/\\\/schema.org\",\"@graph\":[{\"@type\":\"Article\",\"@id\":\"http:\\\/\\\/www.luthierduquatuor.fr\\\/en\\\/nicole-tamestit-luthier-du-quatuor\\\/#article\",\"isPartOf\":{\"@id\":\"http:\\\/\\\/www.luthierduquatuor.fr\\\/en\\\/nicole-tamestit-luthier-du-quatuor\\\/\"},\"author\":{\"name\":\"luthierduquatuor\",\"@id\":\"https:\\\/\\\/www.luthierduquatuor.fr\\\/en\\\/#\\\/schema\\\/person\\\/b217344e2e16498ed06ca3f2c8157c62\"},\"headline\":\"Nicole TAMESTIT \u00e0 l&rsquo;Atelier d&rsquo;Ana\u00efs &#8211; Luthier du Quatuor\",\"datePublished\":\"2013-11-25T20:30:01+00:00\",\"dateModified\":\"2014-05-08T14:55:32+00:00\",\"mainEntityOfPage\":{\"@id\":\"http:\\\/\\\/www.luthierduquatuor.fr\\\/en\\\/nicole-tamestit-luthier-du-quatuor\\\/\"},\"wordCount\":587,\"commentCount\":1,\"publisher\":{\"@id\":\"https:\\\/\\\/www.luthierduquatuor.fr\\\/en\\\/#organization\"},\"image\":{\"@id\":\"http:\\\/\\\/www.luthierduquatuor.fr\\\/en\\\/nicole-tamestit-luthier-du-quatuor\\\/#primaryimage\"},\"thumbnailUrl\":\"https:\\\/\\\/i0.wp.com\\\/www.luthierduquatuor.fr\\\/wp-content\\\/uploads\\\/2013\\\/11\\\/musiciens131-590x255.jpg?fit=590%2C255&ssl=1\",\"keywords\":[\"2013\",\"luthier\",\"Nicole Tamestit\",\"violon\",\"violoniste\"],\"articleSection\":[\"Rencontres\"],\"inLanguage\":\"en-GB\",\"potentialAction\":[{\"@type\":\"CommentAction\",\"name\":\"Comment\",\"target\":[\"http:\\\/\\\/www.luthierduquatuor.fr\\\/en\\\/nicole-tamestit-luthier-du-quatuor\\\/#respond\"]}]},{\"@type\":\"WebPage\",\"@id\":\"http:\\\/\\\/www.luthierduquatuor.fr\\\/en\\\/nicole-tamestit-luthier-du-quatuor\\\/\",\"url\":\"http:\\\/\\\/www.luthierduquatuor.fr\\\/en\\\/nicole-tamestit-luthier-du-quatuor\\\/\",\"name\":\"Nicole TAMESTIT \u00e0 l'Atelier d'Ana\u00efs - Luthier du Quatuor - AG Violins\",\"isPartOf\":{\"@id\":\"https:\\\/\\\/www.luthierduquatuor.fr\\\/en\\\/#website\"},\"primaryImageOfPage\":{\"@id\":\"http:\\\/\\\/www.luthierduquatuor.fr\\\/en\\\/nicole-tamestit-luthier-du-quatuor\\\/#primaryimage\"},\"image\":{\"@id\":\"http:\\\/\\\/www.luthierduquatuor.fr\\\/en\\\/nicole-tamestit-luthier-du-quatuor\\\/#primaryimage\"},\"thumbnailUrl\":\"https:\\\/\\\/i0.wp.com\\\/www.luthierduquatuor.fr\\\/wp-content\\\/uploads\\\/2013\\\/11\\\/musiciens131-590x255.jpg?fit=590%2C255&ssl=1\",\"datePublished\":\"2013-11-25T20:30:01+00:00\",\"dateModified\":\"2014-05-08T14:55:32+00:00\",\"breadcrumb\":{\"@id\":\"http:\\\/\\\/www.luthierduquatuor.fr\\\/en\\\/nicole-tamestit-luthier-du-quatuor\\\/#breadcrumb\"},\"inLanguage\":\"en-GB\",\"potentialAction\":[{\"@type\":\"ReadAction\",\"target\":[\"http:\\\/\\\/www.luthierduquatuor.fr\\\/en\\\/nicole-tamestit-luthier-du-quatuor\\\/\"]}]},{\"@type\":\"ImageObject\",\"inLanguage\":\"en-GB\",\"@id\":\"http:\\\/\\\/www.luthierduquatuor.fr\\\/en\\\/nicole-tamestit-luthier-du-quatuor\\\/#primaryimage\",\"url\":\"https:\\\/\\\/i0.wp.com\\\/www.luthierduquatuor.fr\\\/wp-content\\\/uploads\\\/2013\\\/11\\\/musiciens131-590x255.jpg?fit=590%2C255&ssl=1\",\"contentUrl\":\"https:\\\/\\\/i0.wp.com\\\/www.luthierduquatuor.fr\\\/wp-content\\\/uploads\\\/2013\\\/11\\\/musiciens131-590x255.jpg?fit=590%2C255&ssl=1\",\"width\":590,\"height\":255},{\"@type\":\"BreadcrumbList\",\"@id\":\"http:\\\/\\\/www.luthierduquatuor.fr\\\/en\\\/nicole-tamestit-luthier-du-quatuor\\\/#breadcrumb\",\"itemListElement\":[{\"@type\":\"ListItem\",\"position\":1,\"name\":\"Home\",\"item\":\"https:\\\/\\\/www.luthierduquatuor.fr\\\/en\\\/\"},{\"@type\":\"ListItem\",\"position\":2,\"name\":\"Nicole TAMESTIT \u00e0 l&rsquo;Atelier d&rsquo;Ana\u00efs &#8211; Luthier du Quatuor\"}]},{\"@type\":\"WebSite\",\"@id\":\"https:\\\/\\\/www.luthierduquatuor.fr\\\/en\\\/#website\",\"url\":\"https:\\\/\\\/www.luthierduquatuor.fr\\\/en\\\/\",\"name\":\"AG Violins\",\"description\":\"Ana\u00efs Gassin - Luthier du quatuor\",\"publisher\":{\"@id\":\"https:\\\/\\\/www.luthierduquatuor.fr\\\/en\\\/#organization\"},\"potentialAction\":[{\"@type\":\"SearchAction\",\"target\":{\"@type\":\"EntryPoint\",\"urlTemplate\":\"https:\\\/\\\/www.luthierduquatuor.fr\\\/en\\\/?s={search_term_string}\"},\"query-input\":{\"@type\":\"PropertyValueSpecification\",\"valueRequired\":true,\"valueName\":\"search_term_string\"}}],\"inLanguage\":\"en-GB\"},{\"@type\":\"Organization\",\"@id\":\"https:\\\/\\\/www.luthierduquatuor.fr\\\/en\\\/#organization\",\"name\":\"AG Violins\",\"url\":\"https:\\\/\\\/www.luthierduquatuor.fr\\\/en\\\/\",\"logo\":{\"@type\":\"ImageObject\",\"inLanguage\":\"en-GB\",\"@id\":\"https:\\\/\\\/www.luthierduquatuor.fr\\\/en\\\/#\\\/schema\\\/logo\\\/image\\\/\",\"url\":\"https:\\\/\\\/www.luthierduquatuor.fr\\\/wp-content\\\/uploads\\\/2020\\\/05\\\/AG_Luthier-du-Quatuor.jpg\",\"contentUrl\":\"https:\\\/\\\/www.luthierduquatuor.fr\\\/wp-content\\\/uploads\\\/2020\\\/05\\\/AG_Luthier-du-Quatuor.jpg\",\"width\":480,\"height\":636,\"caption\":\"AG Violins\"},\"image\":{\"@id\":\"https:\\\/\\\/www.luthierduquatuor.fr\\\/en\\\/#\\\/schema\\\/logo\\\/image\\\/\"},\"sameAs\":[\"https:\\\/\\\/www.facebook.com\\\/luthierduquatuor\\\/\",\"https:\\\/\\\/x.com\\\/AnaisGassin\"]},{\"@type\":\"Person\",\"@id\":\"https:\\\/\\\/www.luthierduquatuor.fr\\\/en\\\/#\\\/schema\\\/person\\\/b217344e2e16498ed06ca3f2c8157c62\",\"name\":\"luthierduquatuor\",\"image\":{\"@type\":\"ImageObject\",\"inLanguage\":\"en-GB\",\"@id\":\"https:\\\/\\\/secure.gravatar.com\\\/avatar\\\/5bdc20db099ac77518e3e804e275291fee890ab2b2014a9b2100bd03b1da75ba?s=96&d=wavatar&r=g\",\"url\":\"https:\\\/\\\/secure.gravatar.com\\\/avatar\\\/5bdc20db099ac77518e3e804e275291fee890ab2b2014a9b2100bd03b1da75ba?s=96&d=wavatar&r=g\",\"contentUrl\":\"https:\\\/\\\/secure.gravatar.com\\\/avatar\\\/5bdc20db099ac77518e3e804e275291fee890ab2b2014a9b2100bd03b1da75ba?s=96&d=wavatar&r=g\",\"caption\":\"luthierduquatuor\"}}]}<\/script>\n<!-- \/ Yoast SEO plugin. -->","yoast_head_json":{"title":"Nicole TAMESTIT \u00e0 l'Atelier d'Ana\u00efs - Luthier du Quatuor - AG Violins","robots":{"index":"index","follow":"follow","max-snippet":"max-snippet:-1","max-image-preview":"max-image-preview:large","max-video-preview":"max-video-preview:-1"},"canonical":"http:\/\/www.luthierduquatuor.fr\/en\/nicole-tamestit-luthier-du-quatuor\/","og_locale":"en_GB","og_type":"article","og_title":"Nicole TAMESTIT \u00e0 l'Atelier d'Ana\u00efs - Luthier du Quatuor - AG Violins","og_description":"Tr\u00e8s r\u00e9cemment, j&rsquo;ai eu le plaisir d&rsquo;accueillir dans mon atelier Nicole TAMESTIT. Violoniste concertiste, chercheuse, une musicienne brillante qui m&rsquo;a fait la joie de jouer avec l&rsquo;une de mes cr\u00e9ations et partager ses sensations. Quel plaisir, lors d\u2019une tourn\u00e9e, de d\u00e9couvrir l\u2019atelier d\u2019Ana\u00efs Gassin, dans une petite rue d\u2019un village [&hellip;]","og_url":"http:\/\/www.luthierduquatuor.fr\/en\/nicole-tamestit-luthier-du-quatuor\/","og_site_name":"AG Violins","article_publisher":"https:\/\/www.facebook.com\/luthierduquatuor\/","article_published_time":"2013-11-25T20:30:01+00:00","article_modified_time":"2014-05-08T14:55:32+00:00","og_image":[{"width":590,"height":255,"url":"https:\/\/www.luthierduquatuor.fr\/wp-content\/uploads\/2013\/11\/musiciens131-590x255.jpg","type":"image\/jpeg"}],"author":"luthierduquatuor","twitter_card":"summary_large_image","twitter_creator":"@AnaisGassin","twitter_site":"@AnaisGassin","twitter_misc":{"Written by":"luthierduquatuor","Estimated reading time":"3 minutes"},"schema":{"@context":"https:\/\/schema.org","@graph":[{"@type":"Article","@id":"http:\/\/www.luthierduquatuor.fr\/en\/nicole-tamestit-luthier-du-quatuor\/#article","isPartOf":{"@id":"http:\/\/www.luthierduquatuor.fr\/en\/nicole-tamestit-luthier-du-quatuor\/"},"author":{"name":"luthierduquatuor","@id":"https:\/\/www.luthierduquatuor.fr\/en\/#\/schema\/person\/b217344e2e16498ed06ca3f2c8157c62"},"headline":"Nicole TAMESTIT \u00e0 l&rsquo;Atelier d&rsquo;Ana\u00efs &#8211; Luthier du Quatuor","datePublished":"2013-11-25T20:30:01+00:00","dateModified":"2014-05-08T14:55:32+00:00","mainEntityOfPage":{"@id":"http:\/\/www.luthierduquatuor.fr\/en\/nicole-tamestit-luthier-du-quatuor\/"},"wordCount":587,"commentCount":1,"publisher":{"@id":"https:\/\/www.luthierduquatuor.fr\/en\/#organization"},"image":{"@id":"http:\/\/www.luthierduquatuor.fr\/en\/nicole-tamestit-luthier-du-quatuor\/#primaryimage"},"thumbnailUrl":"https:\/\/i0.wp.com\/www.luthierduquatuor.fr\/wp-content\/uploads\/2013\/11\/musiciens131-590x255.jpg?fit=590%2C255&ssl=1","keywords":["2013","luthier","Nicole Tamestit","violon","violoniste"],"articleSection":["Rencontres"],"inLanguage":"en-GB","potentialAction":[{"@type":"CommentAction","name":"Comment","target":["http:\/\/www.luthierduquatuor.fr\/en\/nicole-tamestit-luthier-du-quatuor\/#respond"]}]},{"@type":"WebPage","@id":"http:\/\/www.luthierduquatuor.fr\/en\/nicole-tamestit-luthier-du-quatuor\/","url":"http:\/\/www.luthierduquatuor.fr\/en\/nicole-tamestit-luthier-du-quatuor\/","name":"Nicole TAMESTIT \u00e0 l'Atelier d'Ana\u00efs - Luthier du Quatuor - AG Violins","isPartOf":{"@id":"https:\/\/www.luthierduquatuor.fr\/en\/#website"},"primaryImageOfPage":{"@id":"http:\/\/www.luthierduquatuor.fr\/en\/nicole-tamestit-luthier-du-quatuor\/#primaryimage"},"image":{"@id":"http:\/\/www.luthierduquatuor.fr\/en\/nicole-tamestit-luthier-du-quatuor\/#primaryimage"},"thumbnailUrl":"https:\/\/i0.wp.com\/www.luthierduquatuor.fr\/wp-content\/uploads\/2013\/11\/musiciens131-590x255.jpg?fit=590%2C255&ssl=1","datePublished":"2013-11-25T20:30:01+00:00","dateModified":"2014-05-08T14:55:32+00:00","breadcrumb":{"@id":"http:\/\/www.luthierduquatuor.fr\/en\/nicole-tamestit-luthier-du-quatuor\/#breadcrumb"},"inLanguage":"en-GB","potentialAction":[{"@type":"ReadAction","target":["http:\/\/www.luthierduquatuor.fr\/en\/nicole-tamestit-luthier-du-quatuor\/"]}]},{"@type":"ImageObject","inLanguage":"en-GB","@id":"http:\/\/www.luthierduquatuor.fr\/en\/nicole-tamestit-luthier-du-quatuor\/#primaryimage","url":"https:\/\/i0.wp.com\/www.luthierduquatuor.fr\/wp-content\/uploads\/2013\/11\/musiciens131-590x255.jpg?fit=590%2C255&ssl=1","contentUrl":"https:\/\/i0.wp.com\/www.luthierduquatuor.fr\/wp-content\/uploads\/2013\/11\/musiciens131-590x255.jpg?fit=590%2C255&ssl=1","width":590,"height":255},{"@type":"BreadcrumbList","@id":"http:\/\/www.luthierduquatuor.fr\/en\/nicole-tamestit-luthier-du-quatuor\/#breadcrumb","itemListElement":[{"@type":"ListItem","position":1,"name":"Home","item":"https:\/\/www.luthierduquatuor.fr\/en\/"},{"@type":"ListItem","position":2,"name":"Nicole TAMESTIT \u00e0 l&rsquo;Atelier d&rsquo;Ana\u00efs &#8211; Luthier du Quatuor"}]},{"@type":"WebSite","@id":"https:\/\/www.luthierduquatuor.fr\/en\/#website","url":"https:\/\/www.luthierduquatuor.fr\/en\/","name":"AG Violins","description":"Ana\u00efs Gassin - Luthier du quatuor","publisher":{"@id":"https:\/\/www.luthierduquatuor.fr\/en\/#organization"},"potentialAction":[{"@type":"SearchAction","target":{"@type":"EntryPoint","urlTemplate":"https:\/\/www.luthierduquatuor.fr\/en\/?s={search_term_string}"},"query-input":{"@type":"PropertyValueSpecification","valueRequired":true,"valueName":"search_term_string"}}],"inLanguage":"en-GB"},{"@type":"Organization","@id":"https:\/\/www.luthierduquatuor.fr\/en\/#organization","name":"AG Violins","url":"https:\/\/www.luthierduquatuor.fr\/en\/","logo":{"@type":"ImageObject","inLanguage":"en-GB","@id":"https:\/\/www.luthierduquatuor.fr\/en\/#\/schema\/logo\/image\/","url":"https:\/\/www.luthierduquatuor.fr\/wp-content\/uploads\/2020\/05\/AG_Luthier-du-Quatuor.jpg","contentUrl":"https:\/\/www.luthierduquatuor.fr\/wp-content\/uploads\/2020\/05\/AG_Luthier-du-Quatuor.jpg","width":480,"height":636,"caption":"AG Violins"},"image":{"@id":"https:\/\/www.luthierduquatuor.fr\/en\/#\/schema\/logo\/image\/"},"sameAs":["https:\/\/www.facebook.com\/luthierduquatuor\/","https:\/\/x.com\/AnaisGassin"]},{"@type":"Person","@id":"https:\/\/www.luthierduquatuor.fr\/en\/#\/schema\/person\/b217344e2e16498ed06ca3f2c8157c62","name":"luthierduquatuor","image":{"@type":"ImageObject","inLanguage":"en-GB","@id":"https:\/\/secure.gravatar.com\/avatar\/5bdc20db099ac77518e3e804e275291fee890ab2b2014a9b2100bd03b1da75ba?s=96&d=wavatar&r=g","url":"https:\/\/secure.gravatar.com\/avatar\/5bdc20db099ac77518e3e804e275291fee890ab2b2014a9b2100bd03b1da75ba?s=96&d=wavatar&r=g","contentUrl":"https:\/\/secure.gravatar.com\/avatar\/5bdc20db099ac77518e3e804e275291fee890ab2b2014a9b2100bd03b1da75ba?s=96&d=wavatar&r=g","caption":"luthierduquatuor"}}]}},"jetpack_featured_media_url":"https:\/\/i0.wp.com\/www.luthierduquatuor.fr\/wp-content\/uploads\/2013\/11\/musiciens131-590x255.jpg?fit=590%2C255&ssl=1","jetpack_shortlink":"https:\/\/wp.me\/p3Qmw9-DB","jetpack_sharing_enabled":true,"jetpack_likes_enabled":true,"jetpack-related-posts":[],"_links":{"self":[{"href":"http:\/\/www.luthierduquatuor.fr\/en\/wp-json\/wp\/v2\/posts\/2455","targetHints":{"allow":["GET"]}}],"collection":[{"href":"http:\/\/www.luthierduquatuor.fr\/en\/wp-json\/wp\/v2\/posts"}],"about":[{"href":"http:\/\/www.luthierduquatuor.fr\/en\/wp-json\/wp\/v2\/types\/post"}],"author":[{"embeddable":true,"href":"http:\/\/www.luthierduquatuor.fr\/en\/wp-json\/wp\/v2\/users\/1"}],"replies":[{"embeddable":true,"href":"http:\/\/www.luthierduquatuor.fr\/en\/wp-json\/wp\/v2\/comments?post=2455"}],"version-history":[{"count":0,"href":"http:\/\/www.luthierduquatuor.fr\/en\/wp-json\/wp\/v2\/posts\/2455\/revisions"}],"wp:featuredmedia":[{"embeddable":true,"href":"http:\/\/www.luthierduquatuor.fr\/en\/wp-json\/wp\/v2\/media\/2456"}],"wp:attachment":[{"href":"http:\/\/www.luthierduquatuor.fr\/en\/wp-json\/wp\/v2\/media?parent=2455"}],"wp:term":[{"taxonomy":"category","embeddable":true,"href":"http:\/\/www.luthierduquatuor.fr\/en\/wp-json\/wp\/v2\/categories?post=2455"},{"taxonomy":"post_tag","embeddable":true,"href":"http:\/\/www.luthierduquatuor.fr\/en\/wp-json\/wp\/v2\/tags?post=2455"}],"curies":[{"name":"wp","href":"https:\/\/api.w.org\/{rel}","templated":true}]}}