{"id":1767,"date":"2011-11-26T23:55:17","date_gmt":"2011-11-26T21:55:17","guid":{"rendered":"http:\/\/www.luthierduquatuor.fr\/?p=1767"},"modified":"2011-11-26T23:55:17","modified_gmt":"2011-11-26T21:55:17","slug":"laureats-concours-lutherie-paris-2011","status":"publish","type":"post","link":"https:\/\/www.luthierduquatuor.fr\/en\/laureats-concours-lutherie-paris-2011\/","title":{"rendered":"Laur\u00e9ats 2011 du concours de Paris Etienne Vatelot"},"content":{"rendered":"<p><strong><a href=\"http:\/\/www.civp.com\/lutherie\/Concours%20Etienne%20Vatelot%202011\/album\/index.html\"><img data-recalc-dims=\"1\" loading=\"lazy\" decoding=\"async\" class=\"alignleft\" title=\"concours-lutherie-Paris2011\" src=\"https:\/\/i0.wp.com\/www.civp.com\/lutherie\/Concours%20Etienne%20Vatelot%202011\/album\/slides\/DSC_0084.JPG?resize=323%2C216\" alt=\"\" width=\"323\" height=\"216\" \/><\/a><\/strong><\/p>\n<p>On connait d\u00e9sormais les laur\u00e9ats de <strong>l&rsquo;\u00e9dition 2011 du concours de lutherie et d&rsquo;arch\u00e8terie de Paris Etienne Vatelot<\/strong>.<\/p>\n<p>Vous pouvez t\u00e9l\u00e9charger le classement complet <a title=\"concours-lutherie-Paris-2011\" href=\"http:\/\/www.civp.com\/lutherie\/fra\/palmares_2011.htm\">here<\/a> et voir les photos du concours en cliquant sur la photo \u00e0 gauche.<\/p>\n<p><strong>Les laur\u00e9ats sont les suivants :<\/strong><\/p>\n<p>&nbsp;<\/p>\n<p>&nbsp;<\/p>\n<p><!--more--><\/p>\n<h6>\u00a0Lutherie<\/h6>\n<p><strong>Violon<\/strong><br \/>\nGrand Prix de la Ville de Paris, Philippe Mahu &#8211; France<br \/>\nDeuxi\u00e8me Prix, Marcus Klimke &#8211; Allemagne<\/p>\n<p><strong>Alto<\/strong><br \/>\nGrand Prix de la Ville de Paris, Marcus Klimke &#8211; Allemagne<br \/>\nDeuxi\u00e8me Prix, Antoine Cauche &#8211; France<br \/>\nPrix du GLAAF, Philippe Mahu &#8211; France<\/p>\n<p><strong>Violoncelle<\/strong><br \/>\nGrand Prix de la Ville de Paris, Peter Goodfellow &#8211; Australie<br \/>\nDeuxi\u00e8me Prix, Fran\u00e7ois Varcin &#8211; France<br \/>\nPrix EILA, Jo\u00ebl Klepal &#8211; France<\/p>\n<p><strong>Contrebasse<\/strong><br \/>\nGrand Prix de la Ville de Paris, Richard Gonon &#8211; France<br \/>\nDeuxi\u00e8me Prix, Mathieu Millet &#8211; France<\/p>\n<h6>Arch\u00e8terie<\/h6>\n<p><strong>Violon<\/strong><br \/>\nGrand Prix de la Ville de Paris, Morgan Andersen &#8211; U.S.A.<br \/>\nDeuxi\u00e8me Prix, Matthew Wehling &#8211; U.S.A.<\/p>\n<p><strong>Alto<\/strong><br \/>\nGrand Prix de la Ville de Paris, Gary Leahy &#8211; Irlande<br \/>\nDeuxi\u00e8me Prix, Eric Fournier &#8211; France<\/p>\n<p><strong>Violoncelle<\/strong><br \/>\nGrand Prix de la Ville de Paris, Matthew Wehling &#8211; U.S.A.<br \/>\nDeuxi\u00e8me Prix, Alexandre Aumont &#8211; France<\/p>\n<p><strong>Contrebasse<\/strong><br \/>\nDeuxi\u00e8me Prix, Boris Fritsch &#8211; France<\/p>\n<p>Bravo \u00e0 tous!<\/p>","protected":false},"excerpt":{"rendered":"<p> On connait d\u00e9sormais les laur\u00e9ats de l&rsquo;\u00e9dition 2011 du concours de lutherie et d&rsquo;arch\u00e8terie de Paris Etienne Vatelot.<\/p>","protected":false},"author":1,"featured_media":0,"comment_status":"open","ping_status":"closed","sticky":false,"template":"","format":"standard","meta":{"_jetpack_memberships_contains_paid_content":false,"footnotes":""},"categories":[12],"tags":[22,25,30,64,67,288,161,213,293,220],"class_list":["post-1767","post","type-post","status-publish","format-standard","hentry","category-concours-lutherie","tag-22","tag-alto","tag-archeterie","tag-concours","tag-contrebasse","tag-lutherie","tag-paris","tag-vatelot","tag-violon","tag-violoncelle"],"yoast_head":"<!-- This site is optimized with the Yoast SEO plugin v27.5 - https:\/\/yoast.com\/product\/yoast-seo-wordpress\/ -->\n<title>Laur\u00e9ats 2011 du concours de Paris Etienne Vatelot - AG Violins<\/title>\n<meta name=\"robots\" content=\"index, follow, max-snippet:-1, max-image-preview:large, max-video-preview:-1\" \/>\n<link rel=\"canonical\" href=\"https:\/\/www.luthierduquatuor.fr\/en\/laureats-concours-lutherie-paris-2011\/\" \/>\n<meta property=\"og:locale\" content=\"en_GB\" \/>\n<meta property=\"og:type\" content=\"article\" \/>\n<meta property=\"og:title\" content=\"Laur\u00e9ats 2011 du concours de Paris Etienne Vatelot - AG Violins\" \/>\n<meta property=\"og:description\" content=\"On connait d\u00e9sormais les laur\u00e9ats de l&#039;\u00e9dition 2011 du concours de lutherie et d&#039;arch\u00e8terie de Paris Etienne Vatelot.\" \/>\n<meta property=\"og:url\" content=\"https:\/\/www.luthierduquatuor.fr\/en\/laureats-concours-lutherie-paris-2011\/\" \/>\n<meta property=\"og:site_name\" content=\"AG Violins\" \/>\n<meta property=\"article:publisher\" content=\"https:\/\/www.facebook.com\/luthierduquatuor\/\" \/>\n<meta property=\"article:published_time\" content=\"2011-11-26T21:55:17+00:00\" \/>\n<meta property=\"og:image\" content=\"http:\/\/www.civp.com\/lutherie\/Concours%20Etienne%20Vatelot%202011\/album\/slides\/DSC_0084.JPG\" \/>\n<meta name=\"author\" content=\"luthierduquatuor\" \/>\n<meta name=\"twitter:card\" content=\"summary_large_image\" \/>\n<meta name=\"twitter:creator\" content=\"@AnaisGassin\" \/>\n<meta name=\"twitter:site\" content=\"@AnaisGassin\" \/>\n<meta name=\"twitter:label1\" content=\"Written by\" \/>\n\t<meta name=\"twitter:data1\" content=\"luthierduquatuor\" \/>\n\t<meta name=\"twitter:label2\" content=\"Estimated reading time\" \/>\n\t<meta name=\"twitter:data2\" content=\"1 minute\" \/>\n<script type=\"application\/ld+json\" class=\"yoast-schema-graph\">{\"@context\":\"https:\\\/\\\/schema.org\",\"@graph\":[{\"@type\":\"Article\",\"@id\":\"https:\\\/\\\/www.luthierduquatuor.fr\\\/laureats-concours-lutherie-paris-2011\\\/#article\",\"isPartOf\":{\"@id\":\"https:\\\/\\\/www.luthierduquatuor.fr\\\/laureats-concours-lutherie-paris-2011\\\/\"},\"author\":{\"name\":\"luthierduquatuor\",\"@id\":\"https:\\\/\\\/www.luthierduquatuor.fr\\\/en\\\/#\\\/schema\\\/person\\\/b217344e2e16498ed06ca3f2c8157c62\"},\"headline\":\"Laur\u00e9ats 2011 du concours de Paris Etienne Vatelot\",\"datePublished\":\"2011-11-26T21:55:17+00:00\",\"mainEntityOfPage\":{\"@id\":\"https:\\\/\\\/www.luthierduquatuor.fr\\\/laureats-concours-lutherie-paris-2011\\\/\"},\"wordCount\":226,\"commentCount\":2,\"publisher\":{\"@id\":\"https:\\\/\\\/www.luthierduquatuor.fr\\\/en\\\/#organization\"},\"image\":{\"@id\":\"https:\\\/\\\/www.luthierduquatuor.fr\\\/laureats-concours-lutherie-paris-2011\\\/#primaryimage\"},\"thumbnailUrl\":\"http:\\\/\\\/www.civp.com\\\/lutherie\\\/Concours%20Etienne%20Vatelot%202011\\\/album\\\/slides\\\/DSC_0084.JPG\",\"keywords\":[\"2011\",\"alto\",\"archeterie\",\"concours\",\"contrebasse\",\"Lutherie\",\"Paris\",\"Vatelot\",\"violon\",\"violoncelle\"],\"articleSection\":[\"Concours\"],\"inLanguage\":\"en-GB\",\"potentialAction\":[{\"@type\":\"CommentAction\",\"name\":\"Comment\",\"target\":[\"https:\\\/\\\/www.luthierduquatuor.fr\\\/laureats-concours-lutherie-paris-2011\\\/#respond\"]}]},{\"@type\":\"WebPage\",\"@id\":\"https:\\\/\\\/www.luthierduquatuor.fr\\\/laureats-concours-lutherie-paris-2011\\\/\",\"url\":\"https:\\\/\\\/www.luthierduquatuor.fr\\\/laureats-concours-lutherie-paris-2011\\\/\",\"name\":\"Laur\u00e9ats 2011 du concours de Paris Etienne Vatelot - AG Violins\",\"isPartOf\":{\"@id\":\"https:\\\/\\\/www.luthierduquatuor.fr\\\/en\\\/#website\"},\"primaryImageOfPage\":{\"@id\":\"https:\\\/\\\/www.luthierduquatuor.fr\\\/laureats-concours-lutherie-paris-2011\\\/#primaryimage\"},\"image\":{\"@id\":\"https:\\\/\\\/www.luthierduquatuor.fr\\\/laureats-concours-lutherie-paris-2011\\\/#primaryimage\"},\"thumbnailUrl\":\"http:\\\/\\\/www.civp.com\\\/lutherie\\\/Concours%20Etienne%20Vatelot%202011\\\/album\\\/slides\\\/DSC_0084.JPG\",\"datePublished\":\"2011-11-26T21:55:17+00:00\",\"breadcrumb\":{\"@id\":\"https:\\\/\\\/www.luthierduquatuor.fr\\\/laureats-concours-lutherie-paris-2011\\\/#breadcrumb\"},\"inLanguage\":\"en-GB\",\"potentialAction\":[{\"@type\":\"ReadAction\",\"target\":[\"https:\\\/\\\/www.luthierduquatuor.fr\\\/laureats-concours-lutherie-paris-2011\\\/\"]}]},{\"@type\":\"ImageObject\",\"inLanguage\":\"en-GB\",\"@id\":\"https:\\\/\\\/www.luthierduquatuor.fr\\\/laureats-concours-lutherie-paris-2011\\\/#primaryimage\",\"url\":\"http:\\\/\\\/www.civp.com\\\/lutherie\\\/Concours%20Etienne%20Vatelot%202011\\\/album\\\/slides\\\/DSC_0084.JPG\",\"contentUrl\":\"http:\\\/\\\/www.civp.com\\\/lutherie\\\/Concours%20Etienne%20Vatelot%202011\\\/album\\\/slides\\\/DSC_0084.JPG\"},{\"@type\":\"BreadcrumbList\",\"@id\":\"https:\\\/\\\/www.luthierduquatuor.fr\\\/laureats-concours-lutherie-paris-2011\\\/#breadcrumb\",\"itemListElement\":[{\"@type\":\"ListItem\",\"position\":1,\"name\":\"Home\",\"item\":\"https:\\\/\\\/www.luthierduquatuor.fr\\\/en\\\/\"},{\"@type\":\"ListItem\",\"position\":2,\"name\":\"Laur\u00e9ats 2011 du concours de Paris Etienne Vatelot\"}]},{\"@type\":\"WebSite\",\"@id\":\"https:\\\/\\\/www.luthierduquatuor.fr\\\/en\\\/#website\",\"url\":\"https:\\\/\\\/www.luthierduquatuor.fr\\\/en\\\/\",\"name\":\"AG Violins\",\"description\":\"Ana\u00efs Gassin - Luthier du quatuor\",\"publisher\":{\"@id\":\"https:\\\/\\\/www.luthierduquatuor.fr\\\/en\\\/#organization\"},\"potentialAction\":[{\"@type\":\"SearchAction\",\"target\":{\"@type\":\"EntryPoint\",\"urlTemplate\":\"https:\\\/\\\/www.luthierduquatuor.fr\\\/en\\\/?s={search_term_string}\"},\"query-input\":{\"@type\":\"PropertyValueSpecification\",\"valueRequired\":true,\"valueName\":\"search_term_string\"}}],\"inLanguage\":\"en-GB\"},{\"@type\":\"Organization\",\"@id\":\"https:\\\/\\\/www.luthierduquatuor.fr\\\/en\\\/#organization\",\"name\":\"AG Violins\",\"url\":\"https:\\\/\\\/www.luthierduquatuor.fr\\\/en\\\/\",\"logo\":{\"@type\":\"ImageObject\",\"inLanguage\":\"en-GB\",\"@id\":\"https:\\\/\\\/www.luthierduquatuor.fr\\\/en\\\/#\\\/schema\\\/logo\\\/image\\\/\",\"url\":\"https:\\\/\\\/www.luthierduquatuor.fr\\\/wp-content\\\/uploads\\\/2020\\\/05\\\/AG_Luthier-du-Quatuor.jpg\",\"contentUrl\":\"https:\\\/\\\/www.luthierduquatuor.fr\\\/wp-content\\\/uploads\\\/2020\\\/05\\\/AG_Luthier-du-Quatuor.jpg\",\"width\":480,\"height\":636,\"caption\":\"AG Violins\"},\"image\":{\"@id\":\"https:\\\/\\\/www.luthierduquatuor.fr\\\/en\\\/#\\\/schema\\\/logo\\\/image\\\/\"},\"sameAs\":[\"https:\\\/\\\/www.facebook.com\\\/luthierduquatuor\\\/\",\"https:\\\/\\\/x.com\\\/AnaisGassin\"]},{\"@type\":\"Person\",\"@id\":\"https:\\\/\\\/www.luthierduquatuor.fr\\\/en\\\/#\\\/schema\\\/person\\\/b217344e2e16498ed06ca3f2c8157c62\",\"name\":\"luthierduquatuor\",\"image\":{\"@type\":\"ImageObject\",\"inLanguage\":\"en-GB\",\"@id\":\"https:\\\/\\\/secure.gravatar.com\\\/avatar\\\/5bdc20db099ac77518e3e804e275291fee890ab2b2014a9b2100bd03b1da75ba?s=96&d=wavatar&r=g\",\"url\":\"https:\\\/\\\/secure.gravatar.com\\\/avatar\\\/5bdc20db099ac77518e3e804e275291fee890ab2b2014a9b2100bd03b1da75ba?s=96&d=wavatar&r=g\",\"contentUrl\":\"https:\\\/\\\/secure.gravatar.com\\\/avatar\\\/5bdc20db099ac77518e3e804e275291fee890ab2b2014a9b2100bd03b1da75ba?s=96&d=wavatar&r=g\",\"caption\":\"luthierduquatuor\"}}]}<\/script>\n<!-- \/ Yoast SEO plugin. -->","yoast_head_json":{"title":"Laur\u00e9ats 2011 du concours de Paris Etienne Vatelot - AG Violins","robots":{"index":"index","follow":"follow","max-snippet":"max-snippet:-1","max-image-preview":"max-image-preview:large","max-video-preview":"max-video-preview:-1"},"canonical":"https:\/\/www.luthierduquatuor.fr\/en\/laureats-concours-lutherie-paris-2011\/","og_locale":"en_GB","og_type":"article","og_title":"Laur\u00e9ats 2011 du concours de Paris Etienne Vatelot - AG Violins","og_description":"On connait d\u00e9sormais les laur\u00e9ats de l'\u00e9dition 2011 du concours de lutherie et d'arch\u00e8terie de Paris Etienne Vatelot.","og_url":"https:\/\/www.luthierduquatuor.fr\/en\/laureats-concours-lutherie-paris-2011\/","og_site_name":"AG Violins","article_publisher":"https:\/\/www.facebook.com\/luthierduquatuor\/","article_published_time":"2011-11-26T21:55:17+00:00","og_image":[{"url":"http:\/\/www.civp.com\/lutherie\/Concours%20Etienne%20Vatelot%202011\/album\/slides\/DSC_0084.JPG","type":"","width":"","height":""}],"author":"luthierduquatuor","twitter_card":"summary_large_image","twitter_creator":"@AnaisGassin","twitter_site":"@AnaisGassin","twitter_misc":{"Written by":"luthierduquatuor","Estimated reading time":"1 minute"},"schema":{"@context":"https:\/\/schema.org","@graph":[{"@type":"Article","@id":"https:\/\/www.luthierduquatuor.fr\/laureats-concours-lutherie-paris-2011\/#article","isPartOf":{"@id":"https:\/\/www.luthierduquatuor.fr\/laureats-concours-lutherie-paris-2011\/"},"author":{"name":"luthierduquatuor","@id":"https:\/\/www.luthierduquatuor.fr\/en\/#\/schema\/person\/b217344e2e16498ed06ca3f2c8157c62"},"headline":"Laur\u00e9ats 2011 du concours de Paris Etienne Vatelot","datePublished":"2011-11-26T21:55:17+00:00","mainEntityOfPage":{"@id":"https:\/\/www.luthierduquatuor.fr\/laureats-concours-lutherie-paris-2011\/"},"wordCount":226,"commentCount":2,"publisher":{"@id":"https:\/\/www.luthierduquatuor.fr\/en\/#organization"},"image":{"@id":"https:\/\/www.luthierduquatuor.fr\/laureats-concours-lutherie-paris-2011\/#primaryimage"},"thumbnailUrl":"http:\/\/www.civp.com\/lutherie\/Concours%20Etienne%20Vatelot%202011\/album\/slides\/DSC_0084.JPG","keywords":["2011","alto","archeterie","concours","contrebasse","Lutherie","Paris","Vatelot","violon","violoncelle"],"articleSection":["Concours"],"inLanguage":"en-GB","potentialAction":[{"@type":"CommentAction","name":"Comment","target":["https:\/\/www.luthierduquatuor.fr\/laureats-concours-lutherie-paris-2011\/#respond"]}]},{"@type":"WebPage","@id":"https:\/\/www.luthierduquatuor.fr\/laureats-concours-lutherie-paris-2011\/","url":"https:\/\/www.luthierduquatuor.fr\/laureats-concours-lutherie-paris-2011\/","name":"Laur\u00e9ats 2011 du concours de Paris Etienne Vatelot - AG Violins","isPartOf":{"@id":"https:\/\/www.luthierduquatuor.fr\/en\/#website"},"primaryImageOfPage":{"@id":"https:\/\/www.luthierduquatuor.fr\/laureats-concours-lutherie-paris-2011\/#primaryimage"},"image":{"@id":"https:\/\/www.luthierduquatuor.fr\/laureats-concours-lutherie-paris-2011\/#primaryimage"},"thumbnailUrl":"http:\/\/www.civp.com\/lutherie\/Concours%20Etienne%20Vatelot%202011\/album\/slides\/DSC_0084.JPG","datePublished":"2011-11-26T21:55:17+00:00","breadcrumb":{"@id":"https:\/\/www.luthierduquatuor.fr\/laureats-concours-lutherie-paris-2011\/#breadcrumb"},"inLanguage":"en-GB","potentialAction":[{"@type":"ReadAction","target":["https:\/\/www.luthierduquatuor.fr\/laureats-concours-lutherie-paris-2011\/"]}]},{"@type":"ImageObject","inLanguage":"en-GB","@id":"https:\/\/www.luthierduquatuor.fr\/laureats-concours-lutherie-paris-2011\/#primaryimage","url":"http:\/\/www.civp.com\/lutherie\/Concours%20Etienne%20Vatelot%202011\/album\/slides\/DSC_0084.JPG","contentUrl":"http:\/\/www.civp.com\/lutherie\/Concours%20Etienne%20Vatelot%202011\/album\/slides\/DSC_0084.JPG"},{"@type":"BreadcrumbList","@id":"https:\/\/www.luthierduquatuor.fr\/laureats-concours-lutherie-paris-2011\/#breadcrumb","itemListElement":[{"@type":"ListItem","position":1,"name":"Home","item":"https:\/\/www.luthierduquatuor.fr\/en\/"},{"@type":"ListItem","position":2,"name":"Laur\u00e9ats 2011 du concours de Paris Etienne Vatelot"}]},{"@type":"WebSite","@id":"https:\/\/www.luthierduquatuor.fr\/en\/#website","url":"https:\/\/www.luthierduquatuor.fr\/en\/","name":"AG Violins","description":"Ana\u00efs Gassin - Luthier du quatuor","publisher":{"@id":"https:\/\/www.luthierduquatuor.fr\/en\/#organization"},"potentialAction":[{"@type":"SearchAction","target":{"@type":"EntryPoint","urlTemplate":"https:\/\/www.luthierduquatuor.fr\/en\/?s={search_term_string}"},"query-input":{"@type":"PropertyValueSpecification","valueRequired":true,"valueName":"search_term_string"}}],"inLanguage":"en-GB"},{"@type":"Organization","@id":"https:\/\/www.luthierduquatuor.fr\/en\/#organization","name":"AG Violins","url":"https:\/\/www.luthierduquatuor.fr\/en\/","logo":{"@type":"ImageObject","inLanguage":"en-GB","@id":"https:\/\/www.luthierduquatuor.fr\/en\/#\/schema\/logo\/image\/","url":"https:\/\/www.luthierduquatuor.fr\/wp-content\/uploads\/2020\/05\/AG_Luthier-du-Quatuor.jpg","contentUrl":"https:\/\/www.luthierduquatuor.fr\/wp-content\/uploads\/2020\/05\/AG_Luthier-du-Quatuor.jpg","width":480,"height":636,"caption":"AG Violins"},"image":{"@id":"https:\/\/www.luthierduquatuor.fr\/en\/#\/schema\/logo\/image\/"},"sameAs":["https:\/\/www.facebook.com\/luthierduquatuor\/","https:\/\/x.com\/AnaisGassin"]},{"@type":"Person","@id":"https:\/\/www.luthierduquatuor.fr\/en\/#\/schema\/person\/b217344e2e16498ed06ca3f2c8157c62","name":"luthierduquatuor","image":{"@type":"ImageObject","inLanguage":"en-GB","@id":"https:\/\/secure.gravatar.com\/avatar\/5bdc20db099ac77518e3e804e275291fee890ab2b2014a9b2100bd03b1da75ba?s=96&d=wavatar&r=g","url":"https:\/\/secure.gravatar.com\/avatar\/5bdc20db099ac77518e3e804e275291fee890ab2b2014a9b2100bd03b1da75ba?s=96&d=wavatar&r=g","contentUrl":"https:\/\/secure.gravatar.com\/avatar\/5bdc20db099ac77518e3e804e275291fee890ab2b2014a9b2100bd03b1da75ba?s=96&d=wavatar&r=g","caption":"luthierduquatuor"}}]}},"jetpack_featured_media_url":"","jetpack_shortlink":"https:\/\/wp.me\/p3Qmw9-sv","jetpack_sharing_enabled":true,"jetpack_likes_enabled":true,"jetpack-related-posts":[],"_links":{"self":[{"href":"https:\/\/www.luthierduquatuor.fr\/en\/wp-json\/wp\/v2\/posts\/1767","targetHints":{"allow":["GET"]}}],"collection":[{"href":"https:\/\/www.luthierduquatuor.fr\/en\/wp-json\/wp\/v2\/posts"}],"about":[{"href":"https:\/\/www.luthierduquatuor.fr\/en\/wp-json\/wp\/v2\/types\/post"}],"author":[{"embeddable":true,"href":"https:\/\/www.luthierduquatuor.fr\/en\/wp-json\/wp\/v2\/users\/1"}],"replies":[{"embeddable":true,"href":"https:\/\/www.luthierduquatuor.fr\/en\/wp-json\/wp\/v2\/comments?post=1767"}],"version-history":[{"count":0,"href":"https:\/\/www.luthierduquatuor.fr\/en\/wp-json\/wp\/v2\/posts\/1767\/revisions"}],"wp:attachment":[{"href":"https:\/\/www.luthierduquatuor.fr\/en\/wp-json\/wp\/v2\/media?parent=1767"}],"wp:term":[{"taxonomy":"category","embeddable":true,"href":"https:\/\/www.luthierduquatuor.fr\/en\/wp-json\/wp\/v2\/categories?post=1767"},{"taxonomy":"post_tag","embeddable":true,"href":"https:\/\/www.luthierduquatuor.fr\/en\/wp-json\/wp\/v2\/tags?post=1767"}],"curies":[{"name":"wp","href":"https:\/\/api.w.org\/{rel}","templated":true}]}}