{"id":179,"date":"2009-11-24T11:00:05","date_gmt":"2009-11-24T10:00:05","guid":{"rendered":"http:\/\/anaislutherie.wordpress.com\/?p=179"},"modified":"2013-03-22T10:46:31","modified_gmt":"2013-03-22T10:46:31","slug":"diaporama-lutherie-sculpture-tete-alto-violoncelle","status":"publish","type":"post","link":"https:\/\/www.luthierduquatuor.fr\/en\/diaporama-lutherie-sculpture-tete-alto-violoncelle\/","title":{"rendered":"Diaporama sur la sculpture de la t\u00eate"},"content":{"rendered":"<p>Un petit diaporama pour d\u00e9couvrir comment on sculpte une t\u00eate.<\/p>\n<p style=\"text-align: center;\"><a href=\"http:\/\/anaislutherie.wordpress.com\/2009\/11\/24\/diaporama-sur-la-sculpture-de-la-tete-2\/\"><img data-recalc-dims=\"1\" loading=\"lazy\" decoding=\"async\" data-attachment-id=\"200\" data-permalink=\"https:\/\/www.luthierduquatuor.fr\/en\/sculpture-volute-6\/\" data-orig-file=\"https:\/\/i0.wp.com\/www.luthierduquatuor.fr\/wp-content\/uploads\/2009\/11\/sculpture-volute5.gif?fit=300%2C400&amp;ssl=1\" data-orig-size=\"300,400\" data-comments-opened=\"1\" data-image-meta=\"{&quot;aperture&quot;:&quot;0&quot;,&quot;credit&quot;:&quot;&quot;,&quot;camera&quot;:&quot;&quot;,&quot;caption&quot;:&quot;&quot;,&quot;created_timestamp&quot;:&quot;0&quot;,&quot;copyright&quot;:&quot;&quot;,&quot;focal_length&quot;:&quot;0&quot;,&quot;iso&quot;:&quot;0&quot;,&quot;shutter_speed&quot;:&quot;0&quot;,&quot;title&quot;:&quot;&quot;}\" data-image-title=\"Sculpture-volute\" data-image-description=\"\" data-image-caption=\"\" data-large-file=\"https:\/\/i0.wp.com\/www.luthierduquatuor.fr\/wp-content\/uploads\/2009\/11\/sculpture-volute5.gif?fit=300%2C400&amp;ssl=1\" class=\"aligncenter size-full wp-image-200\" title=\"Sculpture-volute\" alt=\"\" src=\"https:\/\/i0.wp.com\/www.luthierduquatuor.fr\/wp-content\/uploads\/2009\/11\/sculpture-volute5.gif?resize=300%2C400\" width=\"300\" height=\"400\" srcset=\"https:\/\/i0.wp.com\/www.luthierduquatuor.fr\/wp-content\/uploads\/2009\/11\/sculpture-volute5.gif?w=300&amp;ssl=1 300w, https:\/\/i0.wp.com\/www.luthierduquatuor.fr\/wp-content\/uploads\/2009\/11\/sculpture-volute5.gif?resize=225%2C300&amp;ssl=1 225w\" sizes=\"auto, (max-width: 300px) 100vw, 300px\" \/><\/a><\/p>\n<p>Malheureusement je n&rsquo;ai pas de photos pour montrer comment on sculpte le chevillier et la coulisse alors je montre directement le r\u00e9sultat final, une fois l&rsquo;instrument fini.<\/p>\n<p>Les diff\u00e9rentes parties de la t\u00eate :<!--more--><\/p>\n<p><img data-recalc-dims=\"1\" loading=\"lazy\" decoding=\"async\" data-attachment-id=\"184\" data-permalink=\"https:\/\/www.luthierduquatuor.fr\/en\/description-volute\/\" data-orig-file=\"https:\/\/i0.wp.com\/www.luthierduquatuor.fr\/wp-content\/uploads\/2009\/11\/description-volute.jpg?fit=400%2C534&amp;ssl=1\" data-orig-size=\"400,534\" data-comments-opened=\"1\" data-image-meta=\"{&quot;aperture&quot;:&quot;0&quot;,&quot;credit&quot;:&quot;&quot;,&quot;camera&quot;:&quot;&quot;,&quot;caption&quot;:&quot;&quot;,&quot;created_timestamp&quot;:&quot;0&quot;,&quot;copyright&quot;:&quot;&quot;,&quot;focal_length&quot;:&quot;0&quot;,&quot;iso&quot;:&quot;0&quot;,&quot;shutter_speed&quot;:&quot;0&quot;,&quot;title&quot;:&quot;&quot;}\" data-image-title=\"T\u00eate vue de face\" data-image-description=\"\" data-image-caption=\"\" data-large-file=\"https:\/\/i0.wp.com\/www.luthierduquatuor.fr\/wp-content\/uploads\/2009\/11\/description-volute.jpg?fit=400%2C534&amp;ssl=1\" class=\"alignnone size-full wp-image-184\" title=\"T\u00eate d'alto vue de face\" alt=\"\" src=\"https:\/\/i0.wp.com\/www.luthierduquatuor.fr\/wp-content\/uploads\/2009\/11\/description-volute.jpg?resize=400%2C534\" width=\"400\" height=\"534\" srcset=\"https:\/\/i0.wp.com\/www.luthierduquatuor.fr\/wp-content\/uploads\/2009\/11\/description-volute.jpg?w=400&amp;ssl=1 400w, https:\/\/i0.wp.com\/www.luthierduquatuor.fr\/wp-content\/uploads\/2009\/11\/description-volute.jpg?resize=224%2C300&amp;ssl=1 224w\" sizes=\"auto, (max-width: 400px) 100vw, 400px\" \/><\/p>\n<p><img data-recalc-dims=\"1\" loading=\"lazy\" decoding=\"async\" data-attachment-id=\"199\" data-permalink=\"https:\/\/www.luthierduquatuor.fr\/en\/description-coulisse-2\/\" data-orig-file=\"https:\/\/i0.wp.com\/www.luthierduquatuor.fr\/wp-content\/uploads\/2009\/11\/description-coulisse1.jpg?fit=400%2C533&amp;ssl=1\" data-orig-size=\"400,533\" data-comments-opened=\"1\" data-image-meta=\"{&quot;aperture&quot;:&quot;0&quot;,&quot;credit&quot;:&quot;&quot;,&quot;camera&quot;:&quot;&quot;,&quot;caption&quot;:&quot;&quot;,&quot;created_timestamp&quot;:&quot;0&quot;,&quot;copyright&quot;:&quot;&quot;,&quot;focal_length&quot;:&quot;0&quot;,&quot;iso&quot;:&quot;0&quot;,&quot;shutter_speed&quot;:&quot;0&quot;,&quot;title&quot;:&quot;&quot;}\" data-image-title=\"T\u00eate vue de dos\" data-image-description=\"&lt;p&gt;Volute vue de dos&lt;\/p&gt;\" data-image-caption=\"\" data-large-file=\"https:\/\/i0.wp.com\/www.luthierduquatuor.fr\/wp-content\/uploads\/2009\/11\/description-coulisse1.jpg?fit=400%2C533&amp;ssl=1\" class=\"alignright size-full wp-image-199\" title=\"T\u00eate d'alto vue de dos\" alt=\"\" src=\"https:\/\/i0.wp.com\/www.luthierduquatuor.fr\/wp-content\/uploads\/2009\/11\/description-coulisse1.jpg?resize=320%2C426\" width=\"320\" height=\"426\" srcset=\"https:\/\/i0.wp.com\/www.luthierduquatuor.fr\/wp-content\/uploads\/2009\/11\/description-coulisse1.jpg?w=400&amp;ssl=1 400w, https:\/\/i0.wp.com\/www.luthierduquatuor.fr\/wp-content\/uploads\/2009\/11\/description-coulisse1.jpg?resize=225%2C300&amp;ssl=1 225w\" sizes=\"auto, (max-width: 320px) 100vw, 320px\" \/><\/p>\n<p>J&rsquo;ai oubli\u00e9 de faire un cadre pour le\u00a0 cul-de-poule : L&rsquo;arc de cercle qu&rsquo;on trouve, comme ici, \u00e0 la fin de la coulisse des t\u00eates d&rsquo;alto avec \u00e9paules et des t\u00eates de violoncelle, s&rsquo;appelle, en jargon, le cul-de-poule.<\/p>","protected":false},"excerpt":{"rendered":"<p>Un petit diaporama pour d\u00e9couvrir comment on sculpte une t\u00eate. Malheureusement je n&rsquo;ai pas de photos pour montrer comment on sculpte le chevillier et la coulisse alors je montre directement le r\u00e9sultat final, une fois l&rsquo;instrument fini. Les diff\u00e9rentes parties de la t\u00eate :<\/p>","protected":false},"author":1,"featured_media":2201,"comment_status":"open","ping_status":"closed","sticky":false,"template":"","format":"standard","meta":{"_jetpack_memberships_contains_paid_content":false,"footnotes":""},"categories":[14,17],"tags":[25,56,57,94,289,204,220,223],"class_list":["post-179","post","type-post","status-publish","format-standard","has-post-thumbnail","hentry","category-documentation","category-fabrication","tag-alto","tag-cheviller","tag-chevilles","tag-fabriquer","tag-musique","tag-tete","tag-violoncelle","tag-volute"],"yoast_head":"<!-- This site is optimized with the Yoast SEO plugin v27.4 - https:\/\/yoast.com\/product\/yoast-seo-wordpress\/ -->\n<title>Diaporama sur la sculpture de la t\u00eate - AG Violins<\/title>\n<meta name=\"robots\" content=\"index, follow, max-snippet:-1, max-image-preview:large, max-video-preview:-1\" \/>\n<link rel=\"canonical\" href=\"https:\/\/www.luthierduquatuor.fr\/en\/diaporama-lutherie-sculpture-tete-alto-violoncelle\/\" \/>\n<meta property=\"og:locale\" content=\"en_GB\" \/>\n<meta property=\"og:type\" content=\"article\" \/>\n<meta property=\"og:title\" content=\"Diaporama sur la sculpture de la t\u00eate - AG Violins\" \/>\n<meta property=\"og:description\" content=\"Un petit diaporama pour d\u00e9couvrir comment on sculpte une t\u00eate. Malheureusement je n&rsquo;ai pas de photos pour montrer comment on sculpte le chevillier et la coulisse alors je montre directement le r\u00e9sultat final, une fois l&rsquo;instrument fini. Les diff\u00e9rentes parties de la t\u00eate :\" \/>\n<meta property=\"og:url\" content=\"https:\/\/www.luthierduquatuor.fr\/en\/diaporama-lutherie-sculpture-tete-alto-violoncelle\/\" \/>\n<meta property=\"og:site_name\" content=\"AG Violins\" \/>\n<meta property=\"article:publisher\" content=\"https:\/\/www.facebook.com\/luthierduquatuor\/\" \/>\n<meta property=\"article:published_time\" content=\"2009-11-24T10:00:05+00:00\" \/>\n<meta property=\"article:modified_time\" content=\"2013-03-22T10:46:31+00:00\" \/>\n<meta property=\"og:image\" content=\"https:\/\/www.luthierduquatuor.fr\/wp-content\/uploads\/2010\/08\/galerie-blog-lutherie042-e1363949316685.jpg\" \/>\n\t<meta property=\"og:image:width\" content=\"246\" \/>\n\t<meta property=\"og:image:height\" content=\"258\" \/>\n\t<meta property=\"og:image:type\" content=\"image\/jpeg\" \/>\n<meta name=\"author\" content=\"luthierduquatuor\" \/>\n<meta name=\"twitter:card\" content=\"summary_large_image\" \/>\n<meta name=\"twitter:creator\" content=\"@AnaisGassin\" \/>\n<meta name=\"twitter:site\" content=\"@AnaisGassin\" \/>\n<meta name=\"twitter:label1\" content=\"Written by\" \/>\n\t<meta name=\"twitter:data1\" content=\"luthierduquatuor\" \/>\n<script type=\"application\/ld+json\" class=\"yoast-schema-graph\">{\"@context\":\"https:\\\/\\\/schema.org\",\"@graph\":[{\"@type\":\"Article\",\"@id\":\"https:\\\/\\\/www.luthierduquatuor.fr\\\/diaporama-lutherie-sculpture-tete-alto-violoncelle\\\/#article\",\"isPartOf\":{\"@id\":\"https:\\\/\\\/www.luthierduquatuor.fr\\\/diaporama-lutherie-sculpture-tete-alto-violoncelle\\\/\"},\"author\":{\"name\":\"luthierduquatuor\",\"@id\":\"https:\\\/\\\/www.luthierduquatuor.fr\\\/en\\\/#\\\/schema\\\/person\\\/b217344e2e16498ed06ca3f2c8157c62\"},\"headline\":\"Diaporama sur la sculpture de la t\u00eate\",\"datePublished\":\"2009-11-24T10:00:05+00:00\",\"dateModified\":\"2013-03-22T10:46:31+00:00\",\"mainEntityOfPage\":{\"@id\":\"https:\\\/\\\/www.luthierduquatuor.fr\\\/diaporama-lutherie-sculpture-tete-alto-violoncelle\\\/\"},\"wordCount\":101,\"commentCount\":8,\"publisher\":{\"@id\":\"https:\\\/\\\/www.luthierduquatuor.fr\\\/en\\\/#organization\"},\"image\":{\"@id\":\"https:\\\/\\\/www.luthierduquatuor.fr\\\/diaporama-lutherie-sculpture-tete-alto-violoncelle\\\/#primaryimage\"},\"thumbnailUrl\":\"https:\\\/\\\/i0.wp.com\\\/www.luthierduquatuor.fr\\\/wp-content\\\/uploads\\\/2010\\\/08\\\/galerie-blog-lutherie042-e1363949316685.jpg?fit=246%2C258&ssl=1\",\"keywords\":[\"alto\",\"cheviller\",\"chevilles\",\"fabriquer\",\"Musique\",\"t\u00eate\",\"violoncelle\",\"volute\"],\"articleSection\":[\"Documentation\",\"Fabrication\"],\"inLanguage\":\"en-GB\",\"potentialAction\":[{\"@type\":\"CommentAction\",\"name\":\"Comment\",\"target\":[\"https:\\\/\\\/www.luthierduquatuor.fr\\\/diaporama-lutherie-sculpture-tete-alto-violoncelle\\\/#respond\"]}]},{\"@type\":\"WebPage\",\"@id\":\"https:\\\/\\\/www.luthierduquatuor.fr\\\/diaporama-lutherie-sculpture-tete-alto-violoncelle\\\/\",\"url\":\"https:\\\/\\\/www.luthierduquatuor.fr\\\/diaporama-lutherie-sculpture-tete-alto-violoncelle\\\/\",\"name\":\"Diaporama sur la sculpture de la t\u00eate - AG Violins\",\"isPartOf\":{\"@id\":\"https:\\\/\\\/www.luthierduquatuor.fr\\\/en\\\/#website\"},\"primaryImageOfPage\":{\"@id\":\"https:\\\/\\\/www.luthierduquatuor.fr\\\/diaporama-lutherie-sculpture-tete-alto-violoncelle\\\/#primaryimage\"},\"image\":{\"@id\":\"https:\\\/\\\/www.luthierduquatuor.fr\\\/diaporama-lutherie-sculpture-tete-alto-violoncelle\\\/#primaryimage\"},\"thumbnailUrl\":\"https:\\\/\\\/i0.wp.com\\\/www.luthierduquatuor.fr\\\/wp-content\\\/uploads\\\/2010\\\/08\\\/galerie-blog-lutherie042-e1363949316685.jpg?fit=246%2C258&ssl=1\",\"datePublished\":\"2009-11-24T10:00:05+00:00\",\"dateModified\":\"2013-03-22T10:46:31+00:00\",\"breadcrumb\":{\"@id\":\"https:\\\/\\\/www.luthierduquatuor.fr\\\/diaporama-lutherie-sculpture-tete-alto-violoncelle\\\/#breadcrumb\"},\"inLanguage\":\"en-GB\",\"potentialAction\":[{\"@type\":\"ReadAction\",\"target\":[\"https:\\\/\\\/www.luthierduquatuor.fr\\\/diaporama-lutherie-sculpture-tete-alto-violoncelle\\\/\"]}]},{\"@type\":\"ImageObject\",\"inLanguage\":\"en-GB\",\"@id\":\"https:\\\/\\\/www.luthierduquatuor.fr\\\/diaporama-lutherie-sculpture-tete-alto-violoncelle\\\/#primaryimage\",\"url\":\"https:\\\/\\\/i0.wp.com\\\/www.luthierduquatuor.fr\\\/wp-content\\\/uploads\\\/2010\\\/08\\\/galerie-blog-lutherie042-e1363949316685.jpg?fit=246%2C258&ssl=1\",\"contentUrl\":\"https:\\\/\\\/i0.wp.com\\\/www.luthierduquatuor.fr\\\/wp-content\\\/uploads\\\/2010\\\/08\\\/galerie-blog-lutherie042-e1363949316685.jpg?fit=246%2C258&ssl=1\",\"width\":246,\"height\":258},{\"@type\":\"BreadcrumbList\",\"@id\":\"https:\\\/\\\/www.luthierduquatuor.fr\\\/diaporama-lutherie-sculpture-tete-alto-violoncelle\\\/#breadcrumb\",\"itemListElement\":[{\"@type\":\"ListItem\",\"position\":1,\"name\":\"Home\",\"item\":\"https:\\\/\\\/www.luthierduquatuor.fr\\\/en\\\/\"},{\"@type\":\"ListItem\",\"position\":2,\"name\":\"Diaporama sur la sculpture de la t\u00eate\"}]},{\"@type\":\"WebSite\",\"@id\":\"https:\\\/\\\/www.luthierduquatuor.fr\\\/en\\\/#website\",\"url\":\"https:\\\/\\\/www.luthierduquatuor.fr\\\/en\\\/\",\"name\":\"AG Violins\",\"description\":\"Ana\u00efs Gassin - Luthier du quatuor\",\"publisher\":{\"@id\":\"https:\\\/\\\/www.luthierduquatuor.fr\\\/en\\\/#organization\"},\"potentialAction\":[{\"@type\":\"SearchAction\",\"target\":{\"@type\":\"EntryPoint\",\"urlTemplate\":\"https:\\\/\\\/www.luthierduquatuor.fr\\\/en\\\/?s={search_term_string}\"},\"query-input\":{\"@type\":\"PropertyValueSpecification\",\"valueRequired\":true,\"valueName\":\"search_term_string\"}}],\"inLanguage\":\"en-GB\"},{\"@type\":\"Organization\",\"@id\":\"https:\\\/\\\/www.luthierduquatuor.fr\\\/en\\\/#organization\",\"name\":\"AG Violins\",\"url\":\"https:\\\/\\\/www.luthierduquatuor.fr\\\/en\\\/\",\"logo\":{\"@type\":\"ImageObject\",\"inLanguage\":\"en-GB\",\"@id\":\"https:\\\/\\\/www.luthierduquatuor.fr\\\/en\\\/#\\\/schema\\\/logo\\\/image\\\/\",\"url\":\"https:\\\/\\\/www.luthierduquatuor.fr\\\/wp-content\\\/uploads\\\/2020\\\/05\\\/AG_Luthier-du-Quatuor.jpg\",\"contentUrl\":\"https:\\\/\\\/www.luthierduquatuor.fr\\\/wp-content\\\/uploads\\\/2020\\\/05\\\/AG_Luthier-du-Quatuor.jpg\",\"width\":480,\"height\":636,\"caption\":\"AG Violins\"},\"image\":{\"@id\":\"https:\\\/\\\/www.luthierduquatuor.fr\\\/en\\\/#\\\/schema\\\/logo\\\/image\\\/\"},\"sameAs\":[\"https:\\\/\\\/www.facebook.com\\\/luthierduquatuor\\\/\",\"https:\\\/\\\/x.com\\\/AnaisGassin\"]},{\"@type\":\"Person\",\"@id\":\"https:\\\/\\\/www.luthierduquatuor.fr\\\/en\\\/#\\\/schema\\\/person\\\/b217344e2e16498ed06ca3f2c8157c62\",\"name\":\"luthierduquatuor\",\"image\":{\"@type\":\"ImageObject\",\"inLanguage\":\"en-GB\",\"@id\":\"https:\\\/\\\/secure.gravatar.com\\\/avatar\\\/5bdc20db099ac77518e3e804e275291fee890ab2b2014a9b2100bd03b1da75ba?s=96&d=wavatar&r=g\",\"url\":\"https:\\\/\\\/secure.gravatar.com\\\/avatar\\\/5bdc20db099ac77518e3e804e275291fee890ab2b2014a9b2100bd03b1da75ba?s=96&d=wavatar&r=g\",\"contentUrl\":\"https:\\\/\\\/secure.gravatar.com\\\/avatar\\\/5bdc20db099ac77518e3e804e275291fee890ab2b2014a9b2100bd03b1da75ba?s=96&d=wavatar&r=g\",\"caption\":\"luthierduquatuor\"}}]}<\/script>\n<!-- \/ Yoast SEO plugin. -->","yoast_head_json":{"title":"Diaporama sur la sculpture de la t\u00eate - AG Violins","robots":{"index":"index","follow":"follow","max-snippet":"max-snippet:-1","max-image-preview":"max-image-preview:large","max-video-preview":"max-video-preview:-1"},"canonical":"https:\/\/www.luthierduquatuor.fr\/en\/diaporama-lutherie-sculpture-tete-alto-violoncelle\/","og_locale":"en_GB","og_type":"article","og_title":"Diaporama sur la sculpture de la t\u00eate - AG Violins","og_description":"Un petit diaporama pour d\u00e9couvrir comment on sculpte une t\u00eate. Malheureusement je n&rsquo;ai pas de photos pour montrer comment on sculpte le chevillier et la coulisse alors je montre directement le r\u00e9sultat final, une fois l&rsquo;instrument fini. Les diff\u00e9rentes parties de la t\u00eate :","og_url":"https:\/\/www.luthierduquatuor.fr\/en\/diaporama-lutherie-sculpture-tete-alto-violoncelle\/","og_site_name":"AG Violins","article_publisher":"https:\/\/www.facebook.com\/luthierduquatuor\/","article_published_time":"2009-11-24T10:00:05+00:00","article_modified_time":"2013-03-22T10:46:31+00:00","og_image":[{"width":246,"height":258,"url":"https:\/\/www.luthierduquatuor.fr\/wp-content\/uploads\/2010\/08\/galerie-blog-lutherie042-e1363949316685.jpg","type":"image\/jpeg"}],"author":"luthierduquatuor","twitter_card":"summary_large_image","twitter_creator":"@AnaisGassin","twitter_site":"@AnaisGassin","twitter_misc":{"Written by":"luthierduquatuor"},"schema":{"@context":"https:\/\/schema.org","@graph":[{"@type":"Article","@id":"https:\/\/www.luthierduquatuor.fr\/diaporama-lutherie-sculpture-tete-alto-violoncelle\/#article","isPartOf":{"@id":"https:\/\/www.luthierduquatuor.fr\/diaporama-lutherie-sculpture-tete-alto-violoncelle\/"},"author":{"name":"luthierduquatuor","@id":"https:\/\/www.luthierduquatuor.fr\/en\/#\/schema\/person\/b217344e2e16498ed06ca3f2c8157c62"},"headline":"Diaporama sur la sculpture de la t\u00eate","datePublished":"2009-11-24T10:00:05+00:00","dateModified":"2013-03-22T10:46:31+00:00","mainEntityOfPage":{"@id":"https:\/\/www.luthierduquatuor.fr\/diaporama-lutherie-sculpture-tete-alto-violoncelle\/"},"wordCount":101,"commentCount":8,"publisher":{"@id":"https:\/\/www.luthierduquatuor.fr\/en\/#organization"},"image":{"@id":"https:\/\/www.luthierduquatuor.fr\/diaporama-lutherie-sculpture-tete-alto-violoncelle\/#primaryimage"},"thumbnailUrl":"https:\/\/i0.wp.com\/www.luthierduquatuor.fr\/wp-content\/uploads\/2010\/08\/galerie-blog-lutherie042-e1363949316685.jpg?fit=246%2C258&ssl=1","keywords":["alto","cheviller","chevilles","fabriquer","Musique","t\u00eate","violoncelle","volute"],"articleSection":["Documentation","Fabrication"],"inLanguage":"en-GB","potentialAction":[{"@type":"CommentAction","name":"Comment","target":["https:\/\/www.luthierduquatuor.fr\/diaporama-lutherie-sculpture-tete-alto-violoncelle\/#respond"]}]},{"@type":"WebPage","@id":"https:\/\/www.luthierduquatuor.fr\/diaporama-lutherie-sculpture-tete-alto-violoncelle\/","url":"https:\/\/www.luthierduquatuor.fr\/diaporama-lutherie-sculpture-tete-alto-violoncelle\/","name":"Diaporama sur la sculpture de la t\u00eate - AG Violins","isPartOf":{"@id":"https:\/\/www.luthierduquatuor.fr\/en\/#website"},"primaryImageOfPage":{"@id":"https:\/\/www.luthierduquatuor.fr\/diaporama-lutherie-sculpture-tete-alto-violoncelle\/#primaryimage"},"image":{"@id":"https:\/\/www.luthierduquatuor.fr\/diaporama-lutherie-sculpture-tete-alto-violoncelle\/#primaryimage"},"thumbnailUrl":"https:\/\/i0.wp.com\/www.luthierduquatuor.fr\/wp-content\/uploads\/2010\/08\/galerie-blog-lutherie042-e1363949316685.jpg?fit=246%2C258&ssl=1","datePublished":"2009-11-24T10:00:05+00:00","dateModified":"2013-03-22T10:46:31+00:00","breadcrumb":{"@id":"https:\/\/www.luthierduquatuor.fr\/diaporama-lutherie-sculpture-tete-alto-violoncelle\/#breadcrumb"},"inLanguage":"en-GB","potentialAction":[{"@type":"ReadAction","target":["https:\/\/www.luthierduquatuor.fr\/diaporama-lutherie-sculpture-tete-alto-violoncelle\/"]}]},{"@type":"ImageObject","inLanguage":"en-GB","@id":"https:\/\/www.luthierduquatuor.fr\/diaporama-lutherie-sculpture-tete-alto-violoncelle\/#primaryimage","url":"https:\/\/i0.wp.com\/www.luthierduquatuor.fr\/wp-content\/uploads\/2010\/08\/galerie-blog-lutherie042-e1363949316685.jpg?fit=246%2C258&ssl=1","contentUrl":"https:\/\/i0.wp.com\/www.luthierduquatuor.fr\/wp-content\/uploads\/2010\/08\/galerie-blog-lutherie042-e1363949316685.jpg?fit=246%2C258&ssl=1","width":246,"height":258},{"@type":"BreadcrumbList","@id":"https:\/\/www.luthierduquatuor.fr\/diaporama-lutherie-sculpture-tete-alto-violoncelle\/#breadcrumb","itemListElement":[{"@type":"ListItem","position":1,"name":"Home","item":"https:\/\/www.luthierduquatuor.fr\/en\/"},{"@type":"ListItem","position":2,"name":"Diaporama sur la sculpture de la t\u00eate"}]},{"@type":"WebSite","@id":"https:\/\/www.luthierduquatuor.fr\/en\/#website","url":"https:\/\/www.luthierduquatuor.fr\/en\/","name":"AG Violins","description":"Ana\u00efs Gassin - Luthier du quatuor","publisher":{"@id":"https:\/\/www.luthierduquatuor.fr\/en\/#organization"},"potentialAction":[{"@type":"SearchAction","target":{"@type":"EntryPoint","urlTemplate":"https:\/\/www.luthierduquatuor.fr\/en\/?s={search_term_string}"},"query-input":{"@type":"PropertyValueSpecification","valueRequired":true,"valueName":"search_term_string"}}],"inLanguage":"en-GB"},{"@type":"Organization","@id":"https:\/\/www.luthierduquatuor.fr\/en\/#organization","name":"AG Violins","url":"https:\/\/www.luthierduquatuor.fr\/en\/","logo":{"@type":"ImageObject","inLanguage":"en-GB","@id":"https:\/\/www.luthierduquatuor.fr\/en\/#\/schema\/logo\/image\/","url":"https:\/\/www.luthierduquatuor.fr\/wp-content\/uploads\/2020\/05\/AG_Luthier-du-Quatuor.jpg","contentUrl":"https:\/\/www.luthierduquatuor.fr\/wp-content\/uploads\/2020\/05\/AG_Luthier-du-Quatuor.jpg","width":480,"height":636,"caption":"AG Violins"},"image":{"@id":"https:\/\/www.luthierduquatuor.fr\/en\/#\/schema\/logo\/image\/"},"sameAs":["https:\/\/www.facebook.com\/luthierduquatuor\/","https:\/\/x.com\/AnaisGassin"]},{"@type":"Person","@id":"https:\/\/www.luthierduquatuor.fr\/en\/#\/schema\/person\/b217344e2e16498ed06ca3f2c8157c62","name":"luthierduquatuor","image":{"@type":"ImageObject","inLanguage":"en-GB","@id":"https:\/\/secure.gravatar.com\/avatar\/5bdc20db099ac77518e3e804e275291fee890ab2b2014a9b2100bd03b1da75ba?s=96&d=wavatar&r=g","url":"https:\/\/secure.gravatar.com\/avatar\/5bdc20db099ac77518e3e804e275291fee890ab2b2014a9b2100bd03b1da75ba?s=96&d=wavatar&r=g","contentUrl":"https:\/\/secure.gravatar.com\/avatar\/5bdc20db099ac77518e3e804e275291fee890ab2b2014a9b2100bd03b1da75ba?s=96&d=wavatar&r=g","caption":"luthierduquatuor"}}]}},"jetpack_featured_media_url":"https:\/\/i0.wp.com\/www.luthierduquatuor.fr\/wp-content\/uploads\/2010\/08\/galerie-blog-lutherie042-e1363949316685.jpg?fit=246%2C258&ssl=1","jetpack_shortlink":"https:\/\/wp.me\/p3Qmw9-2T","jetpack_sharing_enabled":true,"jetpack_likes_enabled":true,"jetpack-related-posts":[],"_links":{"self":[{"href":"https:\/\/www.luthierduquatuor.fr\/en\/wp-json\/wp\/v2\/posts\/179","targetHints":{"allow":["GET"]}}],"collection":[{"href":"https:\/\/www.luthierduquatuor.fr\/en\/wp-json\/wp\/v2\/posts"}],"about":[{"href":"https:\/\/www.luthierduquatuor.fr\/en\/wp-json\/wp\/v2\/types\/post"}],"author":[{"embeddable":true,"href":"https:\/\/www.luthierduquatuor.fr\/en\/wp-json\/wp\/v2\/users\/1"}],"replies":[{"embeddable":true,"href":"https:\/\/www.luthierduquatuor.fr\/en\/wp-json\/wp\/v2\/comments?post=179"}],"version-history":[{"count":0,"href":"https:\/\/www.luthierduquatuor.fr\/en\/wp-json\/wp\/v2\/posts\/179\/revisions"}],"wp:featuredmedia":[{"embeddable":true,"href":"https:\/\/www.luthierduquatuor.fr\/en\/wp-json\/wp\/v2\/media\/2201"}],"wp:attachment":[{"href":"https:\/\/www.luthierduquatuor.fr\/en\/wp-json\/wp\/v2\/media?parent=179"}],"wp:term":[{"taxonomy":"category","embeddable":true,"href":"https:\/\/www.luthierduquatuor.fr\/en\/wp-json\/wp\/v2\/categories?post=179"},{"taxonomy":"post_tag","embeddable":true,"href":"https:\/\/www.luthierduquatuor.fr\/en\/wp-json\/wp\/v2\/tags?post=179"}],"curies":[{"name":"wp","href":"https:\/\/api.w.org\/{rel}","templated":true}]}}