{"id":1856,"date":"2012-03-20T23:43:12","date_gmt":"2012-03-20T21:43:12","guid":{"rendered":"http:\/\/www.luthierduquatuor.fr\/?p=1856"},"modified":"2012-03-20T23:43:12","modified_gmt":"2012-03-20T21:43:12","slug":"concert-osum-beaulieu","status":"publish","type":"post","link":"https:\/\/www.luthierduquatuor.fr\/en\/concert-osum-beaulieu\/","title":{"rendered":"Concert \u00e0 Beaulieu"},"content":{"rendered":"<p><a href=\"https:\/\/i0.wp.com\/www.luthierduquatuor.fr\/wp-content\/uploads\/2012\/03\/Beaulieu-color-finie.jpg\"><img data-recalc-dims=\"1\" loading=\"lazy\" decoding=\"async\" data-attachment-id=\"1857\" data-permalink=\"https:\/\/www.luthierduquatuor.fr\/en\/beaulieu-color\/\" data-orig-file=\"https:\/\/i0.wp.com\/www.luthierduquatuor.fr\/wp-content\/uploads\/2012\/03\/Beaulieu-color-finie.jpg?fit=2479%2C3508&amp;ssl=1\" data-orig-size=\"2479,3508\" data-comments-opened=\"1\" data-image-meta=\"{&quot;aperture&quot;:&quot;0&quot;,&quot;credit&quot;:&quot;Francesco Turci&quot;,&quot;camera&quot;:&quot;&quot;,&quot;caption&quot;:&quot;&quot;,&quot;created_timestamp&quot;:&quot;0&quot;,&quot;copyright&quot;:&quot;&quot;,&quot;focal_length&quot;:&quot;0&quot;,&quot;iso&quot;:&quot;0&quot;,&quot;shutter_speed&quot;:&quot;0&quot;,&quot;title&quot;:&quot;Beaulieu-color&quot;}\" data-image-title=\"Beaulieu-concert-23-mars\" data-image-description=\"\" data-image-caption=\"\" data-large-file=\"https:\/\/i0.wp.com\/www.luthierduquatuor.fr\/wp-content\/uploads\/2012\/03\/Beaulieu-color-finie.jpg?fit=723%2C1024&amp;ssl=1\" class=\"alignnone  wp-image-1857\" title=\"Beaulieu-concert-23-mars\" src=\"https:\/\/i0.wp.com\/www.luthierduquatuor.fr\/wp-content\/uploads\/2012\/03\/Beaulieu-color-finie.jpg?resize=321%2C455\" alt=\"\" width=\"321\" height=\"455\" srcset=\"https:\/\/i0.wp.com\/www.luthierduquatuor.fr\/wp-content\/uploads\/2012\/03\/Beaulieu-color-finie.jpg?w=2479&amp;ssl=1 2479w, https:\/\/i0.wp.com\/www.luthierduquatuor.fr\/wp-content\/uploads\/2012\/03\/Beaulieu-color-finie.jpg?resize=212%2C300&amp;ssl=1 212w, https:\/\/i0.wp.com\/www.luthierduquatuor.fr\/wp-content\/uploads\/2012\/03\/Beaulieu-color-finie.jpg?resize=723%2C1024&amp;ssl=1 723w, https:\/\/i0.wp.com\/www.luthierduquatuor.fr\/wp-content\/uploads\/2012\/03\/Beaulieu-color-finie.jpg?w=1500&amp;ssl=1 1500w, https:\/\/i0.wp.com\/www.luthierduquatuor.fr\/wp-content\/uploads\/2012\/03\/Beaulieu-color-finie.jpg?w=2250&amp;ssl=1 2250w\" sizes=\"auto, (max-width: 321px) 100vw, 321px\" \/><\/a><!--more--><\/p>\n<p>Concert de l<a title=\"osum\" href=\"http:\/\/www.orchestr.univ-montp2.fr\/\">&lsquo;<strong>orchestre de chambre universitaire de Montpellier<\/strong><\/a> dans l&rsquo;\u00e9glise de <strong>Beaulieu<\/strong> vendredi <strong>23 mars \u00e0 21h<\/strong>. Musique baroque et classique au programme : Bach, Mozart, Haydn. <strong>Entr\u00e9e libre.<\/strong><\/p>\n<p>A cette occasion je jouerai sur un<strong> violin<\/strong> de ma fabrication, inspir\u00e9 du &lsquo;Lord Wilton&rsquo; de Guarneri del Ges\u00f9.<\/p>","protected":false},"excerpt":{"rendered":"<p>Concert de l&rsquo;orchestre de chambre universitaire de Montpellier dans l&rsquo;\u00e9glise de Beaulieu vendredi 23 mars \u00e0 21h. Musique baroque et classique aux programme : Bach, Mozart, Haydn. Entr\u00e9e libre.<\/p>","protected":false},"author":1,"featured_media":0,"comment_status":"open","ping_status":"closed","sticky":false,"template":"","format":"standard","meta":{"_jetpack_memberships_contains_paid_content":false,"footnotes":""},"categories":[11],"tags":[38,63,144,289,156,159,293],"class_list":["post-1856","post","type-post","status-publish","format-standard","hentry","category-concertsspectaclesprojets-culturels","tag-beaulieu","tag-concert","tag-montpellier","tag-musique","tag-orchestre","tag-osum","tag-violon"],"yoast_head":"<!-- This site is optimized with the Yoast SEO plugin v27.4 - https:\/\/yoast.com\/product\/yoast-seo-wordpress\/ -->\n<title>Concert \u00e0 Beaulieu - AG Violins<\/title>\n<meta name=\"robots\" content=\"index, follow, max-snippet:-1, max-image-preview:large, max-video-preview:-1\" \/>\n<link rel=\"canonical\" href=\"https:\/\/www.luthierduquatuor.fr\/en\/concert-osum-beaulieu\/\" \/>\n<meta property=\"og:locale\" content=\"en_GB\" \/>\n<meta property=\"og:type\" content=\"article\" \/>\n<meta property=\"og:title\" content=\"Concert \u00e0 Beaulieu - AG Violins\" \/>\n<meta property=\"og:description\" content=\"Concert de l&#039;orchestre de chambre universitaire de Montpellier dans l&#039;\u00e9glise de Beaulieu vendredi 23 mars \u00e0 21h. Musique baroque et classique aux programme : Bach, Mozart, Haydn. Entr\u00e9e libre.\" \/>\n<meta property=\"og:url\" content=\"https:\/\/www.luthierduquatuor.fr\/en\/concert-osum-beaulieu\/\" \/>\n<meta property=\"og:site_name\" content=\"AG Violins\" \/>\n<meta property=\"article:publisher\" content=\"https:\/\/www.facebook.com\/luthierduquatuor\/\" \/>\n<meta property=\"article:published_time\" content=\"2012-03-20T21:43:12+00:00\" \/>\n<meta property=\"og:image\" content=\"http:\/\/www.luthierduquatuor.fr\/wp-content\/uploads\/2012\/03\/Beaulieu-color-finie.jpg\" \/>\n<meta name=\"author\" content=\"luthierduquatuor\" \/>\n<meta name=\"twitter:card\" content=\"summary_large_image\" \/>\n<meta name=\"twitter:creator\" content=\"@AnaisGassin\" \/>\n<meta name=\"twitter:site\" content=\"@AnaisGassin\" \/>\n<meta name=\"twitter:label1\" content=\"Written by\" \/>\n\t<meta name=\"twitter:data1\" content=\"luthierduquatuor\" \/>\n<script type=\"application\/ld+json\" class=\"yoast-schema-graph\">{\"@context\":\"https:\\\/\\\/schema.org\",\"@graph\":[{\"@type\":\"Article\",\"@id\":\"https:\\\/\\\/www.luthierduquatuor.fr\\\/concert-osum-beaulieu\\\/#article\",\"isPartOf\":{\"@id\":\"https:\\\/\\\/www.luthierduquatuor.fr\\\/concert-osum-beaulieu\\\/\"},\"author\":{\"name\":\"luthierduquatuor\",\"@id\":\"https:\\\/\\\/www.luthierduquatuor.fr\\\/en\\\/#\\\/schema\\\/person\\\/b217344e2e16498ed06ca3f2c8157c62\"},\"headline\":\"Concert \u00e0 Beaulieu\",\"datePublished\":\"2012-03-20T21:43:12+00:00\",\"mainEntityOfPage\":{\"@id\":\"https:\\\/\\\/www.luthierduquatuor.fr\\\/concert-osum-beaulieu\\\/\"},\"wordCount\":50,\"commentCount\":1,\"publisher\":{\"@id\":\"https:\\\/\\\/www.luthierduquatuor.fr\\\/en\\\/#organization\"},\"image\":{\"@id\":\"https:\\\/\\\/www.luthierduquatuor.fr\\\/concert-osum-beaulieu\\\/#primaryimage\"},\"thumbnailUrl\":\"http:\\\/\\\/www.luthierduquatuor.fr\\\/wp-content\\\/uploads\\\/2012\\\/03\\\/Beaulieu-color-finie.jpg\",\"keywords\":[\"Beaulieu\",\"concert\",\"Montpellier\",\"Musique\",\"orchestre\",\"osum\",\"violon\"],\"articleSection\":[\"Concerts\\\/spectacles\\\/projets culturels\"],\"inLanguage\":\"en-GB\",\"potentialAction\":[{\"@type\":\"CommentAction\",\"name\":\"Comment\",\"target\":[\"https:\\\/\\\/www.luthierduquatuor.fr\\\/concert-osum-beaulieu\\\/#respond\"]}]},{\"@type\":\"WebPage\",\"@id\":\"https:\\\/\\\/www.luthierduquatuor.fr\\\/concert-osum-beaulieu\\\/\",\"url\":\"https:\\\/\\\/www.luthierduquatuor.fr\\\/concert-osum-beaulieu\\\/\",\"name\":\"Concert \u00e0 Beaulieu - AG Violins\",\"isPartOf\":{\"@id\":\"https:\\\/\\\/www.luthierduquatuor.fr\\\/en\\\/#website\"},\"primaryImageOfPage\":{\"@id\":\"https:\\\/\\\/www.luthierduquatuor.fr\\\/concert-osum-beaulieu\\\/#primaryimage\"},\"image\":{\"@id\":\"https:\\\/\\\/www.luthierduquatuor.fr\\\/concert-osum-beaulieu\\\/#primaryimage\"},\"thumbnailUrl\":\"http:\\\/\\\/www.luthierduquatuor.fr\\\/wp-content\\\/uploads\\\/2012\\\/03\\\/Beaulieu-color-finie.jpg\",\"datePublished\":\"2012-03-20T21:43:12+00:00\",\"breadcrumb\":{\"@id\":\"https:\\\/\\\/www.luthierduquatuor.fr\\\/concert-osum-beaulieu\\\/#breadcrumb\"},\"inLanguage\":\"en-GB\",\"potentialAction\":[{\"@type\":\"ReadAction\",\"target\":[\"https:\\\/\\\/www.luthierduquatuor.fr\\\/concert-osum-beaulieu\\\/\"]}]},{\"@type\":\"ImageObject\",\"inLanguage\":\"en-GB\",\"@id\":\"https:\\\/\\\/www.luthierduquatuor.fr\\\/concert-osum-beaulieu\\\/#primaryimage\",\"url\":\"http:\\\/\\\/www.luthierduquatuor.fr\\\/wp-content\\\/uploads\\\/2012\\\/03\\\/Beaulieu-color-finie.jpg\",\"contentUrl\":\"http:\\\/\\\/www.luthierduquatuor.fr\\\/wp-content\\\/uploads\\\/2012\\\/03\\\/Beaulieu-color-finie.jpg\"},{\"@type\":\"BreadcrumbList\",\"@id\":\"https:\\\/\\\/www.luthierduquatuor.fr\\\/concert-osum-beaulieu\\\/#breadcrumb\",\"itemListElement\":[{\"@type\":\"ListItem\",\"position\":1,\"name\":\"Home\",\"item\":\"https:\\\/\\\/www.luthierduquatuor.fr\\\/en\\\/\"},{\"@type\":\"ListItem\",\"position\":2,\"name\":\"Concert \u00e0 Beaulieu\"}]},{\"@type\":\"WebSite\",\"@id\":\"https:\\\/\\\/www.luthierduquatuor.fr\\\/en\\\/#website\",\"url\":\"https:\\\/\\\/www.luthierduquatuor.fr\\\/en\\\/\",\"name\":\"AG Violins\",\"description\":\"Ana\u00efs Gassin - Luthier du quatuor\",\"publisher\":{\"@id\":\"https:\\\/\\\/www.luthierduquatuor.fr\\\/en\\\/#organization\"},\"potentialAction\":[{\"@type\":\"SearchAction\",\"target\":{\"@type\":\"EntryPoint\",\"urlTemplate\":\"https:\\\/\\\/www.luthierduquatuor.fr\\\/en\\\/?s={search_term_string}\"},\"query-input\":{\"@type\":\"PropertyValueSpecification\",\"valueRequired\":true,\"valueName\":\"search_term_string\"}}],\"inLanguage\":\"en-GB\"},{\"@type\":\"Organization\",\"@id\":\"https:\\\/\\\/www.luthierduquatuor.fr\\\/en\\\/#organization\",\"name\":\"AG Violins\",\"url\":\"https:\\\/\\\/www.luthierduquatuor.fr\\\/en\\\/\",\"logo\":{\"@type\":\"ImageObject\",\"inLanguage\":\"en-GB\",\"@id\":\"https:\\\/\\\/www.luthierduquatuor.fr\\\/en\\\/#\\\/schema\\\/logo\\\/image\\\/\",\"url\":\"https:\\\/\\\/www.luthierduquatuor.fr\\\/wp-content\\\/uploads\\\/2020\\\/05\\\/AG_Luthier-du-Quatuor.jpg\",\"contentUrl\":\"https:\\\/\\\/www.luthierduquatuor.fr\\\/wp-content\\\/uploads\\\/2020\\\/05\\\/AG_Luthier-du-Quatuor.jpg\",\"width\":480,\"height\":636,\"caption\":\"AG Violins\"},\"image\":{\"@id\":\"https:\\\/\\\/www.luthierduquatuor.fr\\\/en\\\/#\\\/schema\\\/logo\\\/image\\\/\"},\"sameAs\":[\"https:\\\/\\\/www.facebook.com\\\/luthierduquatuor\\\/\",\"https:\\\/\\\/x.com\\\/AnaisGassin\"]},{\"@type\":\"Person\",\"@id\":\"https:\\\/\\\/www.luthierduquatuor.fr\\\/en\\\/#\\\/schema\\\/person\\\/b217344e2e16498ed06ca3f2c8157c62\",\"name\":\"luthierduquatuor\",\"image\":{\"@type\":\"ImageObject\",\"inLanguage\":\"en-GB\",\"@id\":\"https:\\\/\\\/secure.gravatar.com\\\/avatar\\\/5bdc20db099ac77518e3e804e275291fee890ab2b2014a9b2100bd03b1da75ba?s=96&d=wavatar&r=g\",\"url\":\"https:\\\/\\\/secure.gravatar.com\\\/avatar\\\/5bdc20db099ac77518e3e804e275291fee890ab2b2014a9b2100bd03b1da75ba?s=96&d=wavatar&r=g\",\"contentUrl\":\"https:\\\/\\\/secure.gravatar.com\\\/avatar\\\/5bdc20db099ac77518e3e804e275291fee890ab2b2014a9b2100bd03b1da75ba?s=96&d=wavatar&r=g\",\"caption\":\"luthierduquatuor\"}}]}<\/script>\n<!-- \/ Yoast SEO plugin. -->","yoast_head_json":{"title":"Concert \u00e0 Beaulieu - AG Violins","robots":{"index":"index","follow":"follow","max-snippet":"max-snippet:-1","max-image-preview":"max-image-preview:large","max-video-preview":"max-video-preview:-1"},"canonical":"https:\/\/www.luthierduquatuor.fr\/en\/concert-osum-beaulieu\/","og_locale":"en_GB","og_type":"article","og_title":"Concert \u00e0 Beaulieu - AG Violins","og_description":"Concert de l'orchestre de chambre universitaire de Montpellier dans l'\u00e9glise de Beaulieu vendredi 23 mars \u00e0 21h. Musique baroque et classique aux programme : Bach, Mozart, Haydn. Entr\u00e9e libre.","og_url":"https:\/\/www.luthierduquatuor.fr\/en\/concert-osum-beaulieu\/","og_site_name":"AG Violins","article_publisher":"https:\/\/www.facebook.com\/luthierduquatuor\/","article_published_time":"2012-03-20T21:43:12+00:00","og_image":[{"url":"http:\/\/www.luthierduquatuor.fr\/wp-content\/uploads\/2012\/03\/Beaulieu-color-finie.jpg","type":"","width":"","height":""}],"author":"luthierduquatuor","twitter_card":"summary_large_image","twitter_creator":"@AnaisGassin","twitter_site":"@AnaisGassin","twitter_misc":{"Written by":"luthierduquatuor"},"schema":{"@context":"https:\/\/schema.org","@graph":[{"@type":"Article","@id":"https:\/\/www.luthierduquatuor.fr\/concert-osum-beaulieu\/#article","isPartOf":{"@id":"https:\/\/www.luthierduquatuor.fr\/concert-osum-beaulieu\/"},"author":{"name":"luthierduquatuor","@id":"https:\/\/www.luthierduquatuor.fr\/en\/#\/schema\/person\/b217344e2e16498ed06ca3f2c8157c62"},"headline":"Concert \u00e0 Beaulieu","datePublished":"2012-03-20T21:43:12+00:00","mainEntityOfPage":{"@id":"https:\/\/www.luthierduquatuor.fr\/concert-osum-beaulieu\/"},"wordCount":50,"commentCount":1,"publisher":{"@id":"https:\/\/www.luthierduquatuor.fr\/en\/#organization"},"image":{"@id":"https:\/\/www.luthierduquatuor.fr\/concert-osum-beaulieu\/#primaryimage"},"thumbnailUrl":"http:\/\/www.luthierduquatuor.fr\/wp-content\/uploads\/2012\/03\/Beaulieu-color-finie.jpg","keywords":["Beaulieu","concert","Montpellier","Musique","orchestre","osum","violon"],"articleSection":["Concerts\/spectacles\/projets culturels"],"inLanguage":"en-GB","potentialAction":[{"@type":"CommentAction","name":"Comment","target":["https:\/\/www.luthierduquatuor.fr\/concert-osum-beaulieu\/#respond"]}]},{"@type":"WebPage","@id":"https:\/\/www.luthierduquatuor.fr\/concert-osum-beaulieu\/","url":"https:\/\/www.luthierduquatuor.fr\/concert-osum-beaulieu\/","name":"Concert \u00e0 Beaulieu - AG Violins","isPartOf":{"@id":"https:\/\/www.luthierduquatuor.fr\/en\/#website"},"primaryImageOfPage":{"@id":"https:\/\/www.luthierduquatuor.fr\/concert-osum-beaulieu\/#primaryimage"},"image":{"@id":"https:\/\/www.luthierduquatuor.fr\/concert-osum-beaulieu\/#primaryimage"},"thumbnailUrl":"http:\/\/www.luthierduquatuor.fr\/wp-content\/uploads\/2012\/03\/Beaulieu-color-finie.jpg","datePublished":"2012-03-20T21:43:12+00:00","breadcrumb":{"@id":"https:\/\/www.luthierduquatuor.fr\/concert-osum-beaulieu\/#breadcrumb"},"inLanguage":"en-GB","potentialAction":[{"@type":"ReadAction","target":["https:\/\/www.luthierduquatuor.fr\/concert-osum-beaulieu\/"]}]},{"@type":"ImageObject","inLanguage":"en-GB","@id":"https:\/\/www.luthierduquatuor.fr\/concert-osum-beaulieu\/#primaryimage","url":"http:\/\/www.luthierduquatuor.fr\/wp-content\/uploads\/2012\/03\/Beaulieu-color-finie.jpg","contentUrl":"http:\/\/www.luthierduquatuor.fr\/wp-content\/uploads\/2012\/03\/Beaulieu-color-finie.jpg"},{"@type":"BreadcrumbList","@id":"https:\/\/www.luthierduquatuor.fr\/concert-osum-beaulieu\/#breadcrumb","itemListElement":[{"@type":"ListItem","position":1,"name":"Home","item":"https:\/\/www.luthierduquatuor.fr\/en\/"},{"@type":"ListItem","position":2,"name":"Concert \u00e0 Beaulieu"}]},{"@type":"WebSite","@id":"https:\/\/www.luthierduquatuor.fr\/en\/#website","url":"https:\/\/www.luthierduquatuor.fr\/en\/","name":"AG Violins","description":"Ana\u00efs Gassin - Luthier du quatuor","publisher":{"@id":"https:\/\/www.luthierduquatuor.fr\/en\/#organization"},"potentialAction":[{"@type":"SearchAction","target":{"@type":"EntryPoint","urlTemplate":"https:\/\/www.luthierduquatuor.fr\/en\/?s={search_term_string}"},"query-input":{"@type":"PropertyValueSpecification","valueRequired":true,"valueName":"search_term_string"}}],"inLanguage":"en-GB"},{"@type":"Organization","@id":"https:\/\/www.luthierduquatuor.fr\/en\/#organization","name":"AG Violins","url":"https:\/\/www.luthierduquatuor.fr\/en\/","logo":{"@type":"ImageObject","inLanguage":"en-GB","@id":"https:\/\/www.luthierduquatuor.fr\/en\/#\/schema\/logo\/image\/","url":"https:\/\/www.luthierduquatuor.fr\/wp-content\/uploads\/2020\/05\/AG_Luthier-du-Quatuor.jpg","contentUrl":"https:\/\/www.luthierduquatuor.fr\/wp-content\/uploads\/2020\/05\/AG_Luthier-du-Quatuor.jpg","width":480,"height":636,"caption":"AG Violins"},"image":{"@id":"https:\/\/www.luthierduquatuor.fr\/en\/#\/schema\/logo\/image\/"},"sameAs":["https:\/\/www.facebook.com\/luthierduquatuor\/","https:\/\/x.com\/AnaisGassin"]},{"@type":"Person","@id":"https:\/\/www.luthierduquatuor.fr\/en\/#\/schema\/person\/b217344e2e16498ed06ca3f2c8157c62","name":"luthierduquatuor","image":{"@type":"ImageObject","inLanguage":"en-GB","@id":"https:\/\/secure.gravatar.com\/avatar\/5bdc20db099ac77518e3e804e275291fee890ab2b2014a9b2100bd03b1da75ba?s=96&d=wavatar&r=g","url":"https:\/\/secure.gravatar.com\/avatar\/5bdc20db099ac77518e3e804e275291fee890ab2b2014a9b2100bd03b1da75ba?s=96&d=wavatar&r=g","contentUrl":"https:\/\/secure.gravatar.com\/avatar\/5bdc20db099ac77518e3e804e275291fee890ab2b2014a9b2100bd03b1da75ba?s=96&d=wavatar&r=g","caption":"luthierduquatuor"}}]}},"jetpack_featured_media_url":"","jetpack_shortlink":"https:\/\/wp.me\/p3Qmw9-tW","jetpack_sharing_enabled":true,"jetpack_likes_enabled":true,"jetpack-related-posts":[],"_links":{"self":[{"href":"https:\/\/www.luthierduquatuor.fr\/en\/wp-json\/wp\/v2\/posts\/1856","targetHints":{"allow":["GET"]}}],"collection":[{"href":"https:\/\/www.luthierduquatuor.fr\/en\/wp-json\/wp\/v2\/posts"}],"about":[{"href":"https:\/\/www.luthierduquatuor.fr\/en\/wp-json\/wp\/v2\/types\/post"}],"author":[{"embeddable":true,"href":"https:\/\/www.luthierduquatuor.fr\/en\/wp-json\/wp\/v2\/users\/1"}],"replies":[{"embeddable":true,"href":"https:\/\/www.luthierduquatuor.fr\/en\/wp-json\/wp\/v2\/comments?post=1856"}],"version-history":[{"count":0,"href":"https:\/\/www.luthierduquatuor.fr\/en\/wp-json\/wp\/v2\/posts\/1856\/revisions"}],"wp:attachment":[{"href":"https:\/\/www.luthierduquatuor.fr\/en\/wp-json\/wp\/v2\/media?parent=1856"}],"wp:term":[{"taxonomy":"category","embeddable":true,"href":"https:\/\/www.luthierduquatuor.fr\/en\/wp-json\/wp\/v2\/categories?post=1856"},{"taxonomy":"post_tag","embeddable":true,"href":"https:\/\/www.luthierduquatuor.fr\/en\/wp-json\/wp\/v2\/tags?post=1856"}],"curies":[{"name":"wp","href":"https:\/\/api.w.org\/{rel}","templated":true}]}}