{"id":241,"date":"2009-12-09T16:52:24","date_gmt":"2009-12-09T15:52:24","guid":{"rendered":"http:\/\/anaislutherie.wordpress.com\/?p=241"},"modified":"2009-12-09T16:52:24","modified_gmt":"2009-12-09T15:52:24","slug":"le-vernis-de-stradivarius","status":"publish","type":"post","link":"https:\/\/www.luthierduquatuor.fr\/en\/le-vernis-de-stradivarius\/","title":{"rendered":"Le vernis de Stradivarius"},"content":{"rendered":"<p>Depuis vendredi tous les journaux en parlent : les r\u00e9sultats d\u2019une <a title=\"Vernis-Stradivarius-Echard\" href=\"http:\/\/www.citedelamusique.fr\/pdf\/dp_presse\/stradivarius\/Vernis_Stradivarius_(francais).pdf\" target=\"_blank\">\u00e9tude<\/a> de quatre ans sur le vernis de 5 instruments de Stradivarius viennent d\u2019\u00eatre publi\u00e9s dans <a title=\"Vernis-Stradivarius-AngewandteChemie\" href=\"http:\/\/www3.interscience.wiley.com\/journal\/123200710\/abstract\" target=\"_blank\">Angewandte chemie <\/a><\/p>\n<p>Tout le monde en parle, je me dois donc d\u2019en parler \u00e9galement, surtout, qu\u2019avec une centaine de luthiers, nous avons eu les r\u00e9sultats en avant premi\u00e8re au dernier congr\u00e8s de l\u2019<a title=\"ALADFI\" href=\"http:\/\/www.aladfi.com\/index.php\" target=\"_blank\">ALADFI<\/a> (association des luthiers et archetiers pour le d\u00e9veloppement de la facture instrumentale). Nous \u00e9tions d&rsquo;ailleurs pri\u00e9s d&rsquo;\u00e9teindre tout enregistreur \ud83d\ude42 .<br \/>\n<!--more--><br \/>\nLa presse \u00e9tant ce qu\u2019elle est, elle se doit d\u2019attirer l\u2019\u0153il et l\u2019on voit fleurir partout des titres tapageurs :<\/p>\n<p>&#8211; Le Monde : <a title=\"Vernis-Stradivarius-LeMonde\" href=\"http:\/\/www.lemonde.fr\/culture\/article\/2009\/12\/04\/le-secret-des-stradivarius-devoile_1275970_3246.html\" target=\"_blank\">Un des secrets des stradivarius d\u00e9voil\u00e9<\/a><br \/>\n&#8211; 20 minutes : <a title=\"Vernis-Stradivarius-20minutes\" href=\"http:\/\/www.20minutes.fr\/article\/368750\/Culture-Le-Stradivarius-n-a-presque-plus-de-secret.php\" target=\"_blank\">Le Stradivarius n&rsquo;a (presque) plus de secret<\/a><br \/>\n&#8211; L&rsquo;express : <a title=\"express-stradivarius-echard\" href=\"http:\/\/www.lexpress.fr\/culture\/musique\/les-mysteres-des-stradivarius-reveles_849421.html\" target=\"_blank\">Les myst\u00e8res des Stradivarius r\u00e9v\u00e8l\u00e9s<\/a><\/p>\n<p>Il y a aussi un article et des photos<a title=\"vernis-stradivarius-cit\u00e9mus\" href=\"http:\/\/www.citedelamusique.fr\/francais\/musee\/recherche\/vernis-stradivarius.aspx\" target=\"_blank\"> sur le site de la cit\u00e9 de la musique<\/a><\/p>\n<p>En r\u00e9alit\u00e9 cette \u00e9tude pose plus de probl\u00e8mes qu\u2019elle n\u2019en r\u00e9sout. En effet,\u00a0 d\u2019une part ses conclusions sont en contradiction avec <a href=\"http:\/\/www.citedelamusique.fr\/pdf\/musee\/echard-francais.pdf\" target=\"_blank\">les \u00e9tudes scientifiques pr\u00e9c\u00e9dentes (paragraphe II)<\/a> et d\u2019autre part elles sont aussi en contradiction avec les r\u00e9sultats obtenus par Brigitte Brandmair, qui est aussi intervenue lors de ce congr\u00e8s et qui publie prochainement un <a title=\"strdivarivarnish-brandmair\" href=\"http:\/\/www.stradivarivarnish.com\/\" target=\"_blank\">livre<\/a> \u00e0 ce sujet.<\/p>\n<p>Je ne dis pas \u00e7a pour contester les r\u00e9sultats obtenus par l\u2019\u00e9quipe de M. Echard, ni par aucune de ces autres \u00e9tudes &#8211; je serais d\u2019ailleurs bien mal plac\u00e9e pour le faire.<\/p>\n<p>Si je vous en fait part, c\u2019est pour interroger le \u00ab dogmatisme \u00bb\u00a0 avec lequel nous nous comportons bien souvent vis-\u00e0-vis de la science.<br \/>\nCette attitude est plut\u00f4t logique puisque nous ne sommes pas des hyper-sp\u00e9cialistes et que ces \u00e9tudes nous sont pr\u00e9sent\u00e9es, la plupart du temps, soit en des termes absconds, soit de mani\u00e8re extr\u00eamement simpliste.<\/p>\n<p>Cependant il y a deux choses que chacun d\u2019entre nous peut et se doit\u00a0 d\u2019interroger :<\/p>\n<p>&#8211;\u00a0\u00a0 \u00a0L\u2019ind\u00e9pendance des chercheurs : Qui sont-ils ? Par qui sont-ils financ\u00e9s ?<br \/>\n&#8211;\u00a0\u00a0 \u00a0La m\u00e9thodologie utilis\u00e9e : Nous est-elle clairement expliqu\u00e9e ? Savons-nous s\u2019il s\u2019agit d\u2019une m\u00e9thode statistique, et dans ce cas connaissons-nous l\u2019\u00e9chantillon \u00e9tudi\u00e9 ? S\u2019il s\u2019agit de pr\u00e9l\u00e8vements, savons-nous comment ils ont \u00e9t\u00e9 fait, quelle est leur origine exacte?<\/p>\n<p>Lors du congr\u00e8s, j\u2019ai appr\u00e9ci\u00e9 le travail de vulgarisation effectu\u00e9 par messieurs Echard et Soulier et surtout la sinc\u00e9rit\u00e9 avec lequel ils expliquaient que leur travail n\u2019en est qu\u2019\u00e0 son d\u00e9but : n\u2019oublions pas qu\u2019il s\u2019agit d\u2019un \u00e9chantillon de seulement 4 violons et 1 t\u00eate de viole d\u2019amour, on est loin des quelques 650 instruments de Strad qui existent encore! Ils ont insist\u00e9 sur les limites de la science et sur toutes les recherches qu\u2019il reste encore \u00e0 faire avant de pouvoir faire des affirmations.<\/p>\n<p>En ce qui concerne les r\u00e9sultats diff\u00e9rents obtenus par Mme\u00a0 Brandmair, il est difficile de se faire une id\u00e9e pr\u00e9cise puisque pour garder le secret de certains \u00e9l\u00e9ments qu\u2019elle ne souhaite r\u00e9v\u00e9ler que dans son livre, elle n\u2019a pas expliqu\u00e9 toutes les \u00e9tapes de son travail.<br \/>\nCependant il semblerait que les outils utilis\u00e9s par les deux groupes de chercheurs soient un peu diff\u00e9rents :<\/p>\n<p>&#8211;\u00a0\u00a0 \u00a0M. Echard a obtenu la composition des couches de vernis par l\u2019utilisation d\u2019infra-rouges (<a title=\"FTIR\" href=\"http:\/\/www.biophyresearch.com\/pdf\/ftir.pdf\" target=\"_blank\">FTIR<\/a>) dans le <a title=\"synchrotron\" href=\"http:\/\/www.synchrotron-soleil.fr\/\" target=\"_blank\">synchrotron<\/a>, pour lui la pr\u00e9paration du bois n\u2019est qu\u2019une simple couche d\u2019huile siccative. Cependant, sur d&rsquo;autres instruments produits dans d&rsquo;autres villes d&rsquo;Europe \u00e0 la m\u00eame \u00e9poque, comme le violoncelle construit \u00e0 Paris par Le Bocquay qui se trouve \u00e0 la cit\u00e9 de la musique, M.Echard a trouv\u00e9 des proteines dans la sous-couche ( de la colle). Il affirme donc qu&rsquo;il n&rsquo;y en avait pas sur les pr\u00e9l\u00e8vements de vernis de Stradivarius qu&rsquo;il a analys\u00e9s.<\/p>\n<p>&#8211;\u00a0\u00a0 \u00a0Mme Brandmair, de son c\u00f4t\u00e9, aurait utilis\u00e9 la m\u00e9thode <a title=\"ELISA\" href=\"http:\/\/fr.wikipedia.org\/wiki\/Enzyme-linked_immunosorbent_assay\" target=\"_blank\">ELISA<\/a> (Enzyme linked immunosorbent assay) ce qui lui aurait permis d\u2019identifier un certain nombre de prot\u00e9ines dans la pr\u00e9paration du bois.<\/p>\n<p>Quoi qu\u2019il en soit, les deux s\u2019accordent \u00e0 dire qu\u2019ils n\u2019ont pas retrouv\u00e9 les m\u00eame r\u00e9sultats que <a title=\"Rubio-Barlow-strad-varnish\" href=\"http:\/\/www.rubioviolins.com\/Pages\/ground1.html\" target=\"_blank\">Claire Barlow<\/a>\u00b9\u00a0 et <a title=\"Strad-varnish-Nagyvary\" href=\"http:\/\/www.nagyvaryviolins.com\/the_chemistry_of_a_stradivarius.pdf\" target=\"_blank\">Joseph Nagyvary<\/a>\u00b2 (voir encore le paragraphe II de <a title=\"vie de vernis-Echard\" href=\"http:\/\/www.citedelamusique.fr\/pdf\/musee\/echard-francais.pdf\" target=\"_blank\"><em>la vie des vernis<\/em><\/a>) qui avaient trouv\u00e9 chacun une sous-couche min\u00e9rale en guise de Pr\u00e9paration du bois.<br \/>\nEncore une fois dans ces derni\u00e8res \u00e9tudes l\u2019origine des pr\u00e9l\u00e8vements n\u2019est pas mentionn\u00e9e. Peut-\u00eatre parce\u00a0 que les propri\u00e9taires des Stradivarius n\u2019\u00e9taient pas au courant ?<\/p>\n<p>Comme vous le voyez, l\u2019affaire est compliqu\u00e9e et le dernier mot n\u2019a pas encore \u00e9t\u00e9 dit.<\/p>\n<p>Cependant, le fait que, pour une fois, une \u00e9quipe de chercheur travaille avec des financements publics et s\u2019attache \u00e0 choisir pr\u00e9cautionneusement (par l\u2019interm\u00e9diaire de Balthazar Soulier) l\u2019endroit o\u00f9 pr\u00e9lever des \u00e9chantillons sur les instruments et \u00e0 retracer chaque \u00e9tape de son travail, donne quelque espoir.<br \/>\nIl faut savoir effectivement que les instruments ne sont pas rest\u00e9s indemnes en 300 ans et qu\u2019au cours des nettoyages et r\u00e9parations qui ont \u00e9t\u00e9 faites au fil du temps, des retouches de vernis ont \u00e9t\u00e9 effectu\u00e9es et du vernis au tampon a \u00e9t\u00e9 quasi syst\u00e9matiquement appliqu\u00e9 pour redonner du brillant et prot\u00e9ger les zones \u00e0 nu. C\u2019est pour cette raison que le choix de l\u2019endroit du pr\u00e9l\u00e8vement rev\u00eat une importance capitale.<\/p>\n<p>Je suis heureuse que ces \u00e9tudes soient men\u00e9es et que l\u2019on sorte du \u00ab mysticisme \u00bb qui entoure Stradivari, mais veillons \u00e0 ne pas cr\u00e9er un autre mythe de l\u2019absolu v\u00e9rit\u00e9 scientifique !<\/p>\n<p>N.B : retrouvez les recherches scientifiques men\u00e9es \u00e0 la cit\u00e9 de la musique, ainsi que des pdf des coloques sur cette <a title=\"pdf-colloques-cit\u00e9mus\" href=\"http:\/\/www.citedelamusique.fr\/francais\/musee\/recherche\/conservation-etudes.aspx\" target=\"_blank\">page<\/a><\/p>\n<p>\u00b9Barlow , Claire\u00ab Derni\u00e8res recherches scientifiques sur le fond de bois et les vernis italiens des XVIIe et XVIIIe si\u00e8cles \u00bb\u00a0 Le vernis : anciens vernis italiens, m\u00e9thode de fabrication actuelle : compte-rendu de la 1\u00e8re journ\u00e9e de la lutherie, Cordes sur Ciel, 22 juillet 2001<br \/>\nBarlow, Claire Y. \/ Woodhouse, Jim \/ Firm ground : a detailed analysis of ground layers under the microscope \/ Strad (The) -Vol. 100, N\u00b0 1187 (avril 1989), pp. 195-197<\/p>\n<p>\u00b2Nagyvari \u00ab Chemical &amp; Engineering News \u00bb :\u00a0 The chemistry of a Stradivarius<\/p>","protected":false},"excerpt":{"rendered":"<p>Depuis vendredi tous les journaux en parlent : les r\u00e9sultats d\u2019une \u00e9tude de quatre ans sur le vernis de 5 instruments de Stradivarius viennent d\u2019\u00eatre publi\u00e9s dans Angewandte chemie Tout le monde en parle, je me dois donc d\u2019en parler \u00e9galement, surtout, qu\u2019avec une centaine de luthiers, nous avons eu [&hellip;]<\/p>\n","protected":false},"author":1,"featured_media":0,"comment_status":"open","ping_status":"closed","sticky":false,"template":"","format":"standard","meta":{"_jetpack_memberships_contains_paid_content":false,"footnotes":""},"categories":[14,8,9],"tags":[25,288,290,214,293,220],"class_list":["post-241","post","type-post","status-publish","format-standard","hentry","category-documentation","category-polemiques","category-stradivarius","tag-alto","tag-lutherie","tag-stradivarius","tag-vernis","tag-violon","tag-violoncelle"],"yoast_head":"<!-- This site is optimized with the Yoast SEO plugin v27.5 - https:\/\/yoast.com\/product\/yoast-seo-wordpress\/ -->\n<title>Le vernis de Stradivarius - AG Violins<\/title>\n<meta name=\"robots\" content=\"index, follow, max-snippet:-1, max-image-preview:large, max-video-preview:-1\" \/>\n<link rel=\"canonical\" href=\"https:\/\/www.luthierduquatuor.fr\/en\/le-vernis-de-stradivarius\/\" \/>\n<meta property=\"og:locale\" content=\"en_GB\" \/>\n<meta property=\"og:type\" content=\"article\" \/>\n<meta property=\"og:title\" content=\"Le vernis de Stradivarius - AG Violins\" \/>\n<meta property=\"og:description\" content=\"Depuis vendredi tous les journaux en parlent : les r\u00e9sultats d\u2019une \u00e9tude de quatre ans sur le vernis de 5 instruments de Stradivarius viennent d\u2019\u00eatre publi\u00e9s dans Angewandte chemie Tout le monde en parle, je me dois donc d\u2019en parler \u00e9galement, surtout, qu\u2019avec une centaine de luthiers, nous avons eu [&hellip;]\" \/>\n<meta property=\"og:url\" content=\"https:\/\/www.luthierduquatuor.fr\/en\/le-vernis-de-stradivarius\/\" \/>\n<meta property=\"og:site_name\" content=\"AG Violins\" \/>\n<meta property=\"article:publisher\" content=\"https:\/\/www.facebook.com\/luthierduquatuor\/\" \/>\n<meta property=\"article:published_time\" content=\"2009-12-09T15:52:24+00:00\" \/>\n<meta name=\"author\" content=\"luthierduquatuor\" \/>\n<meta name=\"twitter:card\" content=\"summary_large_image\" \/>\n<meta name=\"twitter:creator\" content=\"@AnaisGassin\" \/>\n<meta name=\"twitter:site\" content=\"@AnaisGassin\" \/>\n<meta name=\"twitter:label1\" content=\"Written by\" \/>\n\t<meta name=\"twitter:data1\" content=\"luthierduquatuor\" \/>\n\t<meta name=\"twitter:label2\" content=\"Estimated reading time\" \/>\n\t<meta name=\"twitter:data2\" content=\"5 minutes\" \/>\n<script type=\"application\/ld+json\" class=\"yoast-schema-graph\">{\"@context\":\"https:\\\/\\\/schema.org\",\"@graph\":[{\"@type\":\"Article\",\"@id\":\"https:\\\/\\\/www.luthierduquatuor.fr\\\/le-vernis-de-stradivarius\\\/#article\",\"isPartOf\":{\"@id\":\"https:\\\/\\\/www.luthierduquatuor.fr\\\/le-vernis-de-stradivarius\\\/\"},\"author\":{\"name\":\"luthierduquatuor\",\"@id\":\"https:\\\/\\\/www.luthierduquatuor.fr\\\/en\\\/#\\\/schema\\\/person\\\/b217344e2e16498ed06ca3f2c8157c62\"},\"headline\":\"Le vernis de Stradivarius\",\"datePublished\":\"2009-12-09T15:52:24+00:00\",\"mainEntityOfPage\":{\"@id\":\"https:\\\/\\\/www.luthierduquatuor.fr\\\/le-vernis-de-stradivarius\\\/\"},\"wordCount\":1089,\"commentCount\":4,\"publisher\":{\"@id\":\"https:\\\/\\\/www.luthierduquatuor.fr\\\/en\\\/#organization\"},\"keywords\":[\"alto\",\"Lutherie\",\"Stradivari(us)\",\"vernis\",\"violon\",\"violoncelle\"],\"articleSection\":[\"Documentation\",\"Pol\u00e9miques\",\"Stradivari(us)\"],\"inLanguage\":\"en-GB\",\"potentialAction\":[{\"@type\":\"CommentAction\",\"name\":\"Comment\",\"target\":[\"https:\\\/\\\/www.luthierduquatuor.fr\\\/le-vernis-de-stradivarius\\\/#respond\"]}]},{\"@type\":\"WebPage\",\"@id\":\"https:\\\/\\\/www.luthierduquatuor.fr\\\/le-vernis-de-stradivarius\\\/\",\"url\":\"https:\\\/\\\/www.luthierduquatuor.fr\\\/le-vernis-de-stradivarius\\\/\",\"name\":\"Le vernis de Stradivarius - AG Violins\",\"isPartOf\":{\"@id\":\"https:\\\/\\\/www.luthierduquatuor.fr\\\/en\\\/#website\"},\"datePublished\":\"2009-12-09T15:52:24+00:00\",\"breadcrumb\":{\"@id\":\"https:\\\/\\\/www.luthierduquatuor.fr\\\/le-vernis-de-stradivarius\\\/#breadcrumb\"},\"inLanguage\":\"en-GB\",\"potentialAction\":[{\"@type\":\"ReadAction\",\"target\":[\"https:\\\/\\\/www.luthierduquatuor.fr\\\/le-vernis-de-stradivarius\\\/\"]}]},{\"@type\":\"BreadcrumbList\",\"@id\":\"https:\\\/\\\/www.luthierduquatuor.fr\\\/le-vernis-de-stradivarius\\\/#breadcrumb\",\"itemListElement\":[{\"@type\":\"ListItem\",\"position\":1,\"name\":\"Home\",\"item\":\"https:\\\/\\\/www.luthierduquatuor.fr\\\/en\\\/\"},{\"@type\":\"ListItem\",\"position\":2,\"name\":\"Le vernis de Stradivarius\"}]},{\"@type\":\"WebSite\",\"@id\":\"https:\\\/\\\/www.luthierduquatuor.fr\\\/en\\\/#website\",\"url\":\"https:\\\/\\\/www.luthierduquatuor.fr\\\/en\\\/\",\"name\":\"AG Violins\",\"description\":\"Ana\u00efs Gassin - Luthier du quatuor\",\"publisher\":{\"@id\":\"https:\\\/\\\/www.luthierduquatuor.fr\\\/en\\\/#organization\"},\"potentialAction\":[{\"@type\":\"SearchAction\",\"target\":{\"@type\":\"EntryPoint\",\"urlTemplate\":\"https:\\\/\\\/www.luthierduquatuor.fr\\\/en\\\/?s={search_term_string}\"},\"query-input\":{\"@type\":\"PropertyValueSpecification\",\"valueRequired\":true,\"valueName\":\"search_term_string\"}}],\"inLanguage\":\"en-GB\"},{\"@type\":\"Organization\",\"@id\":\"https:\\\/\\\/www.luthierduquatuor.fr\\\/en\\\/#organization\",\"name\":\"AG Violins\",\"url\":\"https:\\\/\\\/www.luthierduquatuor.fr\\\/en\\\/\",\"logo\":{\"@type\":\"ImageObject\",\"inLanguage\":\"en-GB\",\"@id\":\"https:\\\/\\\/www.luthierduquatuor.fr\\\/en\\\/#\\\/schema\\\/logo\\\/image\\\/\",\"url\":\"https:\\\/\\\/www.luthierduquatuor.fr\\\/wp-content\\\/uploads\\\/2020\\\/05\\\/AG_Luthier-du-Quatuor.jpg\",\"contentUrl\":\"https:\\\/\\\/www.luthierduquatuor.fr\\\/wp-content\\\/uploads\\\/2020\\\/05\\\/AG_Luthier-du-Quatuor.jpg\",\"width\":480,\"height\":636,\"caption\":\"AG Violins\"},\"image\":{\"@id\":\"https:\\\/\\\/www.luthierduquatuor.fr\\\/en\\\/#\\\/schema\\\/logo\\\/image\\\/\"},\"sameAs\":[\"https:\\\/\\\/www.facebook.com\\\/luthierduquatuor\\\/\",\"https:\\\/\\\/x.com\\\/AnaisGassin\"]},{\"@type\":\"Person\",\"@id\":\"https:\\\/\\\/www.luthierduquatuor.fr\\\/en\\\/#\\\/schema\\\/person\\\/b217344e2e16498ed06ca3f2c8157c62\",\"name\":\"luthierduquatuor\",\"image\":{\"@type\":\"ImageObject\",\"inLanguage\":\"en-GB\",\"@id\":\"https:\\\/\\\/secure.gravatar.com\\\/avatar\\\/5bdc20db099ac77518e3e804e275291fee890ab2b2014a9b2100bd03b1da75ba?s=96&d=wavatar&r=g\",\"url\":\"https:\\\/\\\/secure.gravatar.com\\\/avatar\\\/5bdc20db099ac77518e3e804e275291fee890ab2b2014a9b2100bd03b1da75ba?s=96&d=wavatar&r=g\",\"contentUrl\":\"https:\\\/\\\/secure.gravatar.com\\\/avatar\\\/5bdc20db099ac77518e3e804e275291fee890ab2b2014a9b2100bd03b1da75ba?s=96&d=wavatar&r=g\",\"caption\":\"luthierduquatuor\"}}]}<\/script>\n<!-- \/ Yoast SEO plugin. -->","yoast_head_json":{"title":"Le vernis de Stradivarius - AG Violins","robots":{"index":"index","follow":"follow","max-snippet":"max-snippet:-1","max-image-preview":"max-image-preview:large","max-video-preview":"max-video-preview:-1"},"canonical":"https:\/\/www.luthierduquatuor.fr\/en\/le-vernis-de-stradivarius\/","og_locale":"en_GB","og_type":"article","og_title":"Le vernis de Stradivarius - AG Violins","og_description":"Depuis vendredi tous les journaux en parlent : les r\u00e9sultats d\u2019une \u00e9tude de quatre ans sur le vernis de 5 instruments de Stradivarius viennent d\u2019\u00eatre publi\u00e9s dans Angewandte chemie Tout le monde en parle, je me dois donc d\u2019en parler \u00e9galement, surtout, qu\u2019avec une centaine de luthiers, nous avons eu [&hellip;]","og_url":"https:\/\/www.luthierduquatuor.fr\/en\/le-vernis-de-stradivarius\/","og_site_name":"AG Violins","article_publisher":"https:\/\/www.facebook.com\/luthierduquatuor\/","article_published_time":"2009-12-09T15:52:24+00:00","author":"luthierduquatuor","twitter_card":"summary_large_image","twitter_creator":"@AnaisGassin","twitter_site":"@AnaisGassin","twitter_misc":{"Written by":"luthierduquatuor","Estimated reading time":"5 minutes"},"schema":{"@context":"https:\/\/schema.org","@graph":[{"@type":"Article","@id":"https:\/\/www.luthierduquatuor.fr\/le-vernis-de-stradivarius\/#article","isPartOf":{"@id":"https:\/\/www.luthierduquatuor.fr\/le-vernis-de-stradivarius\/"},"author":{"name":"luthierduquatuor","@id":"https:\/\/www.luthierduquatuor.fr\/en\/#\/schema\/person\/b217344e2e16498ed06ca3f2c8157c62"},"headline":"Le vernis de Stradivarius","datePublished":"2009-12-09T15:52:24+00:00","mainEntityOfPage":{"@id":"https:\/\/www.luthierduquatuor.fr\/le-vernis-de-stradivarius\/"},"wordCount":1089,"commentCount":4,"publisher":{"@id":"https:\/\/www.luthierduquatuor.fr\/en\/#organization"},"keywords":["alto","Lutherie","Stradivari(us)","vernis","violon","violoncelle"],"articleSection":["Documentation","Pol\u00e9miques","Stradivari(us)"],"inLanguage":"en-GB","potentialAction":[{"@type":"CommentAction","name":"Comment","target":["https:\/\/www.luthierduquatuor.fr\/le-vernis-de-stradivarius\/#respond"]}]},{"@type":"WebPage","@id":"https:\/\/www.luthierduquatuor.fr\/le-vernis-de-stradivarius\/","url":"https:\/\/www.luthierduquatuor.fr\/le-vernis-de-stradivarius\/","name":"Le vernis de Stradivarius - AG Violins","isPartOf":{"@id":"https:\/\/www.luthierduquatuor.fr\/en\/#website"},"datePublished":"2009-12-09T15:52:24+00:00","breadcrumb":{"@id":"https:\/\/www.luthierduquatuor.fr\/le-vernis-de-stradivarius\/#breadcrumb"},"inLanguage":"en-GB","potentialAction":[{"@type":"ReadAction","target":["https:\/\/www.luthierduquatuor.fr\/le-vernis-de-stradivarius\/"]}]},{"@type":"BreadcrumbList","@id":"https:\/\/www.luthierduquatuor.fr\/le-vernis-de-stradivarius\/#breadcrumb","itemListElement":[{"@type":"ListItem","position":1,"name":"Home","item":"https:\/\/www.luthierduquatuor.fr\/en\/"},{"@type":"ListItem","position":2,"name":"Le vernis de Stradivarius"}]},{"@type":"WebSite","@id":"https:\/\/www.luthierduquatuor.fr\/en\/#website","url":"https:\/\/www.luthierduquatuor.fr\/en\/","name":"AG Violins","description":"Ana\u00efs Gassin - Luthier du quatuor","publisher":{"@id":"https:\/\/www.luthierduquatuor.fr\/en\/#organization"},"potentialAction":[{"@type":"SearchAction","target":{"@type":"EntryPoint","urlTemplate":"https:\/\/www.luthierduquatuor.fr\/en\/?s={search_term_string}"},"query-input":{"@type":"PropertyValueSpecification","valueRequired":true,"valueName":"search_term_string"}}],"inLanguage":"en-GB"},{"@type":"Organization","@id":"https:\/\/www.luthierduquatuor.fr\/en\/#organization","name":"AG Violins","url":"https:\/\/www.luthierduquatuor.fr\/en\/","logo":{"@type":"ImageObject","inLanguage":"en-GB","@id":"https:\/\/www.luthierduquatuor.fr\/en\/#\/schema\/logo\/image\/","url":"https:\/\/www.luthierduquatuor.fr\/wp-content\/uploads\/2020\/05\/AG_Luthier-du-Quatuor.jpg","contentUrl":"https:\/\/www.luthierduquatuor.fr\/wp-content\/uploads\/2020\/05\/AG_Luthier-du-Quatuor.jpg","width":480,"height":636,"caption":"AG Violins"},"image":{"@id":"https:\/\/www.luthierduquatuor.fr\/en\/#\/schema\/logo\/image\/"},"sameAs":["https:\/\/www.facebook.com\/luthierduquatuor\/","https:\/\/x.com\/AnaisGassin"]},{"@type":"Person","@id":"https:\/\/www.luthierduquatuor.fr\/en\/#\/schema\/person\/b217344e2e16498ed06ca3f2c8157c62","name":"luthierduquatuor","image":{"@type":"ImageObject","inLanguage":"en-GB","@id":"https:\/\/secure.gravatar.com\/avatar\/5bdc20db099ac77518e3e804e275291fee890ab2b2014a9b2100bd03b1da75ba?s=96&d=wavatar&r=g","url":"https:\/\/secure.gravatar.com\/avatar\/5bdc20db099ac77518e3e804e275291fee890ab2b2014a9b2100bd03b1da75ba?s=96&d=wavatar&r=g","contentUrl":"https:\/\/secure.gravatar.com\/avatar\/5bdc20db099ac77518e3e804e275291fee890ab2b2014a9b2100bd03b1da75ba?s=96&d=wavatar&r=g","caption":"luthierduquatuor"}}]}},"jetpack_featured_media_url":"","jetpack_shortlink":"https:\/\/wp.me\/p3Qmw9-3T","jetpack_sharing_enabled":true,"jetpack_likes_enabled":true,"jetpack-related-posts":[],"_links":{"self":[{"href":"https:\/\/www.luthierduquatuor.fr\/en\/wp-json\/wp\/v2\/posts\/241","targetHints":{"allow":["GET"]}}],"collection":[{"href":"https:\/\/www.luthierduquatuor.fr\/en\/wp-json\/wp\/v2\/posts"}],"about":[{"href":"https:\/\/www.luthierduquatuor.fr\/en\/wp-json\/wp\/v2\/types\/post"}],"author":[{"embeddable":true,"href":"https:\/\/www.luthierduquatuor.fr\/en\/wp-json\/wp\/v2\/users\/1"}],"replies":[{"embeddable":true,"href":"https:\/\/www.luthierduquatuor.fr\/en\/wp-json\/wp\/v2\/comments?post=241"}],"version-history":[{"count":0,"href":"https:\/\/www.luthierduquatuor.fr\/en\/wp-json\/wp\/v2\/posts\/241\/revisions"}],"wp:attachment":[{"href":"https:\/\/www.luthierduquatuor.fr\/en\/wp-json\/wp\/v2\/media?parent=241"}],"wp:term":[{"taxonomy":"category","embeddable":true,"href":"https:\/\/www.luthierduquatuor.fr\/en\/wp-json\/wp\/v2\/categories?post=241"},{"taxonomy":"post_tag","embeddable":true,"href":"https:\/\/www.luthierduquatuor.fr\/en\/wp-json\/wp\/v2\/tags?post=241"}],"curies":[{"name":"wp","href":"https:\/\/api.w.org\/{rel}","templated":true}]}}