{"id":2797,"date":"2014-05-29T12:44:59","date_gmt":"2014-05-29T12:44:59","guid":{"rendered":"http:\/\/www.luthierduquatuor.fr\/?p=2797"},"modified":"2020-12-14T18:47:35","modified_gmt":"2020-12-14T18:47:35","slug":"recommandation-patricia-kopatchinskaja-violoniste","status":"publish","type":"post","link":"https:\/\/www.luthierduquatuor.fr\/en\/recommandation-patricia-kopatchinskaja-violoniste\/","title":{"rendered":"Recommandation de Patricia Kopatchinska\u00efa"},"content":{"rendered":"<p><strong>Le monde de la musique<\/strong> rend ainsi hommage \u00e0 la grande violoniste Patricia Kopatchinskaja :<strong> \u201cenfant sauvage de la musique: pure, folle, libre\u2026pr\u00e9cipitez-vous pour l\u2019entendre\u201d<\/strong><\/p>\n<p>Elle se voit d\u00e9cerner en 2013 le prix pour <strong>le meilleurs enregistrement<\/strong> de l&rsquo;ann\u00e9e par le prestigieux <a title=\"Kopatchinska\u00efa gramophone classical music awards\" href=\"http:\/\/www.gramophone.co.uk\/classical-music-news\/gramophone-classical-music-awards-2013-announced\" target=\"_blank\" rel=\"noopener\">Gramophone Classical Music awards <\/a>et\u00a0\u00a0 le titre de <strong>musicienne de l&rsquo;ann\u00e9e 2014<\/strong> lui est d\u00e9cern\u00e9 par le <a title=\"Kopatchinskaja-rpsmusicawards\" href=\"http:\/\/http:\/\/rpsmusicawards.com\/\" target=\"_blank\" rel=\"noopener\">Royal Philharmonic Society Music Awards<\/a>.<\/p>\n<p>C&rsquo;est avec un peu d&#8217;embarras que je sollicitai une Patricia visiblement fatigu\u00e9e apr\u00e8s le concert de La Folle Journ\u00e9e 2013 retransmis en direct par arte. C&rsquo;est cependant une artiste chaleureuse et disponible que je rencontrai alors. Musicienne sensible et magique, j&rsquo;ai grandement appr\u00e9ci\u00e9 son approche profonde du son ainsi que son enthousiasme \u00e0 d\u00e9couvrir chaque timbre des notes du violon que je lui pr\u00e9sentai alors.<\/p>\n<p>Je la remercie beaucoup pour son accueil et pour le message qu&rsquo;elle me fit parvenir quelques mois plus tard:<\/p>\n<blockquote><p>The instrument of Ana\u00efs Gassin I have tried in Nantes responded to my musical \u2028wishes in very natural way with a warmth and brightness of its colorful and rich sound.<\/p><\/blockquote>\n<blockquote><p>L&rsquo;instrument d&rsquo;Ana\u00efs Gassin que j&rsquo;ai essay\u00e9 \u00e0 Nantes a r\u00e9pondu de fa\u00e7on compl\u00e8tement naturelle \u00e0 mes d\u00e9sirs musicaux avec la chaleur et le brillant de sa sonorit\u00e9 riche et color\u00e9e.<\/p><\/blockquote>\n<p>Patricia Kopatchinskaja joue un violon de Giovanni Francesco Pressenda de 1834.<\/p>\n<p>Le r\u00e9pertoire de <strong>Patricia Kopatchinskaja <\/strong>s\u2018\u00e9tend du Baroque au Classique jusqu\u2019aux cr\u00e9ations d\u2019oeuvres contemporaines.<br \/>\nPendant la saison 2011\/12 Patricia Kopatchinskaja a jou\u00e9 le concerto de violon de Esa-Pekka Salonen avec le Philharmonia Orchestra London sous la direction du compositeur. Elle est apparue avec le Deutsches Sympohonieorchester Berlin sous Leonard Slatkin, avec l\u2019orchestre Philharmonique de Radio France sous Vladimir Askenazy, ainsi qu\u2019avec le Mahler Chamber Orchestra dans la Philharmonie de Cologne. Son apparition\u00a0t\u00e9levis\u00e9e \u00e0 la Journ\u00e9e Folle de Nantes\u00a0 par ARTE a \u00e9t\u00e9 suivi d\u2019une r\u00e9invitation.En mai 2012 elle a pr\u00e9sent\u00e9 un concert caritatif pour des projets environnementaux dans sa Moldavie natale en collaboration avec la Staatskapelle Berlin et Pablo Heras-Casado.<\/p>\n<p>La saison 2012\/13 verra Patricia Kopatchinskaja apparaitre avec le Symphonieorchester des Westdeutschen Rundfunks, avec l\u2019Orchestre de la Suisse Romande, avec l\u2019Accademia Nazionale di Santa Cecilia et avec les Orchestres Symphoniques de l\u2019Islande et de la Radio Finlandaise. Elle sera aussi soliste avec le London Philharmonic Orchestra et Vladimir Jurowsi (\u00e0 la Royal Festival Hall et dans des autres pays Europ\u00e9ens). Elle a \u00e9t\u00e9 r\u00e9invit\u00e9e par le Mahler Chamber Orchestra et le Deutsches Symphonieorchester Berlin et elle continue sa collaboration r\u00e9guli\u00e8re avec l\u2019Orchestre des Champs Elys\u00e9es et la Camerata Salzburg. Il y a des tourn\u00e9es avec l\u2019Amsterdam Sinfonietta et le BBC Scottish Symphony Orchestra. En \u00e9t\u00e9 2013 elle va jouer et diriger douze concerts en Australie avec le Australian Chamber Orchestra.<\/p>\n<p>La musique de chambre prend une place importante dans la vie artistique de Patricia Kopatchinskaja, ses partenaires r\u00e9guliers sont Fazil Say, Sol Gabetta, Markus Hinterh\u00e4user et Polina Leschenko ainsi que des membres de sa propre famille. Patricia Kopatchinskaja a r\u00e9cemment fond\u00e9 un quatuor \u00e0 cordes \u201cQuartet-Lab\u201d avec Pekka Kuusisto, Lilli Maijala et Pieter Wispelwey. Les premiers concerts ont eu lieu \u00e0 Aldeburgh et Dortmund.<\/p>\n<p>Patricia Kopatchinskaja enregistre avec la maison d\u2019artistes NAIVE. Sa lecture tr\u00e8s personnelle du concerto de Beethoven avec Philippe Herreweghe et l\u2019orchestre des Champs Elys\u00e9es a remport\u00e9 des excellentes critiques. Cette saison a vu l\u2019apparition d\u2019un double CD tout Hongrois avec le deuxi\u00e8me concerto de Bartok, celui de Ligeti et le concerto \u201cSeven\u201d de Peter E\u00f6tv\u00f6s, sous la baguette du compositeur et en collaboration avec le HR-Sinfonieorchester Frankfurt et l\u2019Ensemble Modern. En plus elle vient d\u2019enregistrer des concertos pour un CD portrait de Tiran Mansurian chez ECM.<\/p>\n<p>Patricia Kopatchinskaja a re\u00e7u de nombreux prix, dont le plus r\u00e9cent est le Praetorius Musikpreis 2012 du Land Niedersachsen dans la cat\u00e9gorie d\u2019innovation.<\/p>\n<p>En tant qu\u2019ambassadrice pour Terre des Hommes, Patricia Kopatchinskaja soutient des projets pour des enfants en Moldavie.<\/p>\n<p>Cr\u00e9dit Photo: Marco Borggreve<\/p>\n<p>Via \u00a0le site\u00a0http:\/\/patriciakopatchinskaja.com<\/p>","protected":false},"excerpt":{"rendered":"<p>Le monde de la musique rend ainsi hommage \u00e0 la grande violoniste Patricia Kopatchinskaja : \u201cenfant sauvage de la musique: pure, folle, libre\u2026pr\u00e9cipitez-vous pour l\u2019entendre\u201d Elle se voit d\u00e9cerner en 2013 le prix pour le meilleurs enregistrement de l&rsquo;ann\u00e9e par le prestigieux Gramophone Classical Music awards et\u00a0\u00a0 le titre de [&hellip;]<\/p>\n","protected":false},"author":1,"featured_media":2800,"comment_status":"open","ping_status":"closed","sticky":false,"template":"","format":"standard","meta":{"_jetpack_memberships_contains_paid_content":false,"footnotes":""},"categories":[17,16,6,7,247,10],"tags":[292,106,287,126,286,279,293],"class_list":["post-2797","post","type-post","status-publish","format-standard","has-post-thumbnail","hentry","category-fabrication","category-latelier","category-lutherie","category-musique","category-rencontres","category-videos","tag-fabrication","tag-gassin","tag-kopatchinskaja","tag-luthier","tag-patricia","tag-recommandation","tag-violon"],"yoast_head":"<!-- This site is optimized with the Yoast SEO plugin v27.4 - https:\/\/yoast.com\/product\/yoast-seo-wordpress\/ -->\n<title>Recommandation de Patricia Kopatchinska\u00efa - AG Violins<\/title>\n<meta name=\"robots\" content=\"index, follow, max-snippet:-1, max-image-preview:large, max-video-preview:-1\" \/>\n<link rel=\"canonical\" href=\"https:\/\/www.luthierduquatuor.fr\/en\/recommandation-patricia-kopatchinskaja-violoniste\/\" \/>\n<meta property=\"og:locale\" content=\"en_GB\" \/>\n<meta property=\"og:type\" content=\"article\" \/>\n<meta property=\"og:title\" content=\"Recommandation de Patricia Kopatchinska\u00efa - AG Violins\" \/>\n<meta property=\"og:description\" content=\"Le monde de la musique rend ainsi hommage \u00e0 la grande violoniste Patricia Kopatchinskaja : \u201cenfant sauvage de la musique: pure, folle, libre\u2026pr\u00e9cipitez-vous pour l\u2019entendre\u201d Elle se voit d\u00e9cerner en 2013 le prix pour le meilleurs enregistrement de l&rsquo;ann\u00e9e par le prestigieux Gramophone Classical Music awards et\u00a0\u00a0 le titre de [&hellip;]\" \/>\n<meta property=\"og:url\" content=\"https:\/\/www.luthierduquatuor.fr\/en\/recommandation-patricia-kopatchinskaja-violoniste\/\" \/>\n<meta property=\"og:site_name\" content=\"AG Violins\" \/>\n<meta property=\"article:publisher\" content=\"https:\/\/www.facebook.com\/luthierduquatuor\/\" \/>\n<meta property=\"article:published_time\" content=\"2014-05-29T12:44:59+00:00\" \/>\n<meta property=\"article:modified_time\" content=\"2020-12-14T18:47:35+00:00\" \/>\n<meta property=\"og:image\" content=\"https:\/\/www.luthierduquatuor.fr\/wp-content\/uploads\/2014\/05\/patriciakopatchinskajaweb.jpg\" \/>\n\t<meta property=\"og:image:width\" content=\"599\" \/>\n\t<meta property=\"og:image:height\" content=\"287\" \/>\n\t<meta property=\"og:image:type\" content=\"image\/jpeg\" \/>\n<meta name=\"author\" content=\"luthierduquatuor\" \/>\n<meta name=\"twitter:card\" content=\"summary_large_image\" \/>\n<meta name=\"twitter:creator\" content=\"@AnaisGassin\" \/>\n<meta name=\"twitter:site\" content=\"@AnaisGassin\" \/>\n<meta name=\"twitter:label1\" content=\"Written by\" \/>\n\t<meta name=\"twitter:data1\" content=\"luthierduquatuor\" \/>\n\t<meta name=\"twitter:label2\" content=\"Estimated reading time\" \/>\n\t<meta name=\"twitter:data2\" content=\"3 minutes\" \/>\n<script type=\"application\/ld+json\" class=\"yoast-schema-graph\">{\"@context\":\"https:\\\/\\\/schema.org\",\"@graph\":[{\"@type\":\"Article\",\"@id\":\"https:\\\/\\\/www.luthierduquatuor.fr\\\/recommandation-patricia-kopatchinskaja-violoniste\\\/#article\",\"isPartOf\":{\"@id\":\"https:\\\/\\\/www.luthierduquatuor.fr\\\/recommandation-patricia-kopatchinskaja-violoniste\\\/\"},\"author\":{\"name\":\"luthierduquatuor\",\"@id\":\"https:\\\/\\\/www.luthierduquatuor.fr\\\/en\\\/#\\\/schema\\\/person\\\/b217344e2e16498ed06ca3f2c8157c62\"},\"headline\":\"Recommandation de Patricia Kopatchinska\u00efa\",\"datePublished\":\"2014-05-29T12:44:59+00:00\",\"dateModified\":\"2020-12-14T18:47:35+00:00\",\"mainEntityOfPage\":{\"@id\":\"https:\\\/\\\/www.luthierduquatuor.fr\\\/recommandation-patricia-kopatchinskaja-violoniste\\\/\"},\"wordCount\":713,\"commentCount\":2,\"publisher\":{\"@id\":\"https:\\\/\\\/www.luthierduquatuor.fr\\\/en\\\/#organization\"},\"image\":{\"@id\":\"https:\\\/\\\/www.luthierduquatuor.fr\\\/recommandation-patricia-kopatchinskaja-violoniste\\\/#primaryimage\"},\"thumbnailUrl\":\"https:\\\/\\\/i0.wp.com\\\/www.luthierduquatuor.fr\\\/wp-content\\\/uploads\\\/2014\\\/05\\\/patriciakopatchinskajaweb.jpg?fit=599%2C287&ssl=1\",\"keywords\":[\"Fabrication\",\"Gassin\",\"Kopatchinskaja\",\"luthier\",\"Patricia\",\"recommandation\",\"violon\"],\"articleSection\":[\"Fabrication\",\"L&#039;atelier\",\"Lutherie\",\"Musique\",\"Rencontres\",\"Vid\u00e9os\"],\"inLanguage\":\"en-GB\",\"potentialAction\":[{\"@type\":\"CommentAction\",\"name\":\"Comment\",\"target\":[\"https:\\\/\\\/www.luthierduquatuor.fr\\\/recommandation-patricia-kopatchinskaja-violoniste\\\/#respond\"]}]},{\"@type\":\"WebPage\",\"@id\":\"https:\\\/\\\/www.luthierduquatuor.fr\\\/recommandation-patricia-kopatchinskaja-violoniste\\\/\",\"url\":\"https:\\\/\\\/www.luthierduquatuor.fr\\\/recommandation-patricia-kopatchinskaja-violoniste\\\/\",\"name\":\"Recommandation de Patricia Kopatchinska\u00efa - AG Violins\",\"isPartOf\":{\"@id\":\"https:\\\/\\\/www.luthierduquatuor.fr\\\/en\\\/#website\"},\"primaryImageOfPage\":{\"@id\":\"https:\\\/\\\/www.luthierduquatuor.fr\\\/recommandation-patricia-kopatchinskaja-violoniste\\\/#primaryimage\"},\"image\":{\"@id\":\"https:\\\/\\\/www.luthierduquatuor.fr\\\/recommandation-patricia-kopatchinskaja-violoniste\\\/#primaryimage\"},\"thumbnailUrl\":\"https:\\\/\\\/i0.wp.com\\\/www.luthierduquatuor.fr\\\/wp-content\\\/uploads\\\/2014\\\/05\\\/patriciakopatchinskajaweb.jpg?fit=599%2C287&ssl=1\",\"datePublished\":\"2014-05-29T12:44:59+00:00\",\"dateModified\":\"2020-12-14T18:47:35+00:00\",\"breadcrumb\":{\"@id\":\"https:\\\/\\\/www.luthierduquatuor.fr\\\/recommandation-patricia-kopatchinskaja-violoniste\\\/#breadcrumb\"},\"inLanguage\":\"en-GB\",\"potentialAction\":[{\"@type\":\"ReadAction\",\"target\":[\"https:\\\/\\\/www.luthierduquatuor.fr\\\/recommandation-patricia-kopatchinskaja-violoniste\\\/\"]}]},{\"@type\":\"ImageObject\",\"inLanguage\":\"en-GB\",\"@id\":\"https:\\\/\\\/www.luthierduquatuor.fr\\\/recommandation-patricia-kopatchinskaja-violoniste\\\/#primaryimage\",\"url\":\"https:\\\/\\\/i0.wp.com\\\/www.luthierduquatuor.fr\\\/wp-content\\\/uploads\\\/2014\\\/05\\\/patriciakopatchinskajaweb.jpg?fit=599%2C287&ssl=1\",\"contentUrl\":\"https:\\\/\\\/i0.wp.com\\\/www.luthierduquatuor.fr\\\/wp-content\\\/uploads\\\/2014\\\/05\\\/patriciakopatchinskajaweb.jpg?fit=599%2C287&ssl=1\",\"width\":599,\"height\":287},{\"@type\":\"BreadcrumbList\",\"@id\":\"https:\\\/\\\/www.luthierduquatuor.fr\\\/recommandation-patricia-kopatchinskaja-violoniste\\\/#breadcrumb\",\"itemListElement\":[{\"@type\":\"ListItem\",\"position\":1,\"name\":\"Home\",\"item\":\"https:\\\/\\\/www.luthierduquatuor.fr\\\/en\\\/\"},{\"@type\":\"ListItem\",\"position\":2,\"name\":\"Recommandation de Patricia Kopatchinska\u00efa\"}]},{\"@type\":\"WebSite\",\"@id\":\"https:\\\/\\\/www.luthierduquatuor.fr\\\/en\\\/#website\",\"url\":\"https:\\\/\\\/www.luthierduquatuor.fr\\\/en\\\/\",\"name\":\"AG Violins\",\"description\":\"Ana\u00efs Gassin - Luthier du quatuor\",\"publisher\":{\"@id\":\"https:\\\/\\\/www.luthierduquatuor.fr\\\/en\\\/#organization\"},\"potentialAction\":[{\"@type\":\"SearchAction\",\"target\":{\"@type\":\"EntryPoint\",\"urlTemplate\":\"https:\\\/\\\/www.luthierduquatuor.fr\\\/en\\\/?s={search_term_string}\"},\"query-input\":{\"@type\":\"PropertyValueSpecification\",\"valueRequired\":true,\"valueName\":\"search_term_string\"}}],\"inLanguage\":\"en-GB\"},{\"@type\":\"Organization\",\"@id\":\"https:\\\/\\\/www.luthierduquatuor.fr\\\/en\\\/#organization\",\"name\":\"AG Violins\",\"url\":\"https:\\\/\\\/www.luthierduquatuor.fr\\\/en\\\/\",\"logo\":{\"@type\":\"ImageObject\",\"inLanguage\":\"en-GB\",\"@id\":\"https:\\\/\\\/www.luthierduquatuor.fr\\\/en\\\/#\\\/schema\\\/logo\\\/image\\\/\",\"url\":\"https:\\\/\\\/www.luthierduquatuor.fr\\\/wp-content\\\/uploads\\\/2020\\\/05\\\/AG_Luthier-du-Quatuor.jpg\",\"contentUrl\":\"https:\\\/\\\/www.luthierduquatuor.fr\\\/wp-content\\\/uploads\\\/2020\\\/05\\\/AG_Luthier-du-Quatuor.jpg\",\"width\":480,\"height\":636,\"caption\":\"AG Violins\"},\"image\":{\"@id\":\"https:\\\/\\\/www.luthierduquatuor.fr\\\/en\\\/#\\\/schema\\\/logo\\\/image\\\/\"},\"sameAs\":[\"https:\\\/\\\/www.facebook.com\\\/luthierduquatuor\\\/\",\"https:\\\/\\\/x.com\\\/AnaisGassin\"]},{\"@type\":\"Person\",\"@id\":\"https:\\\/\\\/www.luthierduquatuor.fr\\\/en\\\/#\\\/schema\\\/person\\\/b217344e2e16498ed06ca3f2c8157c62\",\"name\":\"luthierduquatuor\",\"image\":{\"@type\":\"ImageObject\",\"inLanguage\":\"en-GB\",\"@id\":\"https:\\\/\\\/secure.gravatar.com\\\/avatar\\\/5bdc20db099ac77518e3e804e275291fee890ab2b2014a9b2100bd03b1da75ba?s=96&d=wavatar&r=g\",\"url\":\"https:\\\/\\\/secure.gravatar.com\\\/avatar\\\/5bdc20db099ac77518e3e804e275291fee890ab2b2014a9b2100bd03b1da75ba?s=96&d=wavatar&r=g\",\"contentUrl\":\"https:\\\/\\\/secure.gravatar.com\\\/avatar\\\/5bdc20db099ac77518e3e804e275291fee890ab2b2014a9b2100bd03b1da75ba?s=96&d=wavatar&r=g\",\"caption\":\"luthierduquatuor\"}}]}<\/script>\n<!-- \/ Yoast SEO plugin. -->","yoast_head_json":{"title":"Recommandation de Patricia Kopatchinska\u00efa - AG Violins","robots":{"index":"index","follow":"follow","max-snippet":"max-snippet:-1","max-image-preview":"max-image-preview:large","max-video-preview":"max-video-preview:-1"},"canonical":"https:\/\/www.luthierduquatuor.fr\/en\/recommandation-patricia-kopatchinskaja-violoniste\/","og_locale":"en_GB","og_type":"article","og_title":"Recommandation de Patricia Kopatchinska\u00efa - AG Violins","og_description":"Le monde de la musique rend ainsi hommage \u00e0 la grande violoniste Patricia Kopatchinskaja : \u201cenfant sauvage de la musique: pure, folle, libre\u2026pr\u00e9cipitez-vous pour l\u2019entendre\u201d Elle se voit d\u00e9cerner en 2013 le prix pour le meilleurs enregistrement de l&rsquo;ann\u00e9e par le prestigieux Gramophone Classical Music awards et\u00a0\u00a0 le titre de [&hellip;]","og_url":"https:\/\/www.luthierduquatuor.fr\/en\/recommandation-patricia-kopatchinskaja-violoniste\/","og_site_name":"AG Violins","article_publisher":"https:\/\/www.facebook.com\/luthierduquatuor\/","article_published_time":"2014-05-29T12:44:59+00:00","article_modified_time":"2020-12-14T18:47:35+00:00","og_image":[{"width":599,"height":287,"url":"https:\/\/www.luthierduquatuor.fr\/wp-content\/uploads\/2014\/05\/patriciakopatchinskajaweb.jpg","type":"image\/jpeg"}],"author":"luthierduquatuor","twitter_card":"summary_large_image","twitter_creator":"@AnaisGassin","twitter_site":"@AnaisGassin","twitter_misc":{"Written by":"luthierduquatuor","Estimated reading time":"3 minutes"},"schema":{"@context":"https:\/\/schema.org","@graph":[{"@type":"Article","@id":"https:\/\/www.luthierduquatuor.fr\/recommandation-patricia-kopatchinskaja-violoniste\/#article","isPartOf":{"@id":"https:\/\/www.luthierduquatuor.fr\/recommandation-patricia-kopatchinskaja-violoniste\/"},"author":{"name":"luthierduquatuor","@id":"https:\/\/www.luthierduquatuor.fr\/en\/#\/schema\/person\/b217344e2e16498ed06ca3f2c8157c62"},"headline":"Recommandation de Patricia Kopatchinska\u00efa","datePublished":"2014-05-29T12:44:59+00:00","dateModified":"2020-12-14T18:47:35+00:00","mainEntityOfPage":{"@id":"https:\/\/www.luthierduquatuor.fr\/recommandation-patricia-kopatchinskaja-violoniste\/"},"wordCount":713,"commentCount":2,"publisher":{"@id":"https:\/\/www.luthierduquatuor.fr\/en\/#organization"},"image":{"@id":"https:\/\/www.luthierduquatuor.fr\/recommandation-patricia-kopatchinskaja-violoniste\/#primaryimage"},"thumbnailUrl":"https:\/\/i0.wp.com\/www.luthierduquatuor.fr\/wp-content\/uploads\/2014\/05\/patriciakopatchinskajaweb.jpg?fit=599%2C287&ssl=1","keywords":["Fabrication","Gassin","Kopatchinskaja","luthier","Patricia","recommandation","violon"],"articleSection":["Fabrication","L&#039;atelier","Lutherie","Musique","Rencontres","Vid\u00e9os"],"inLanguage":"en-GB","potentialAction":[{"@type":"CommentAction","name":"Comment","target":["https:\/\/www.luthierduquatuor.fr\/recommandation-patricia-kopatchinskaja-violoniste\/#respond"]}]},{"@type":"WebPage","@id":"https:\/\/www.luthierduquatuor.fr\/recommandation-patricia-kopatchinskaja-violoniste\/","url":"https:\/\/www.luthierduquatuor.fr\/recommandation-patricia-kopatchinskaja-violoniste\/","name":"Recommandation de Patricia Kopatchinska\u00efa - AG Violins","isPartOf":{"@id":"https:\/\/www.luthierduquatuor.fr\/en\/#website"},"primaryImageOfPage":{"@id":"https:\/\/www.luthierduquatuor.fr\/recommandation-patricia-kopatchinskaja-violoniste\/#primaryimage"},"image":{"@id":"https:\/\/www.luthierduquatuor.fr\/recommandation-patricia-kopatchinskaja-violoniste\/#primaryimage"},"thumbnailUrl":"https:\/\/i0.wp.com\/www.luthierduquatuor.fr\/wp-content\/uploads\/2014\/05\/patriciakopatchinskajaweb.jpg?fit=599%2C287&ssl=1","datePublished":"2014-05-29T12:44:59+00:00","dateModified":"2020-12-14T18:47:35+00:00","breadcrumb":{"@id":"https:\/\/www.luthierduquatuor.fr\/recommandation-patricia-kopatchinskaja-violoniste\/#breadcrumb"},"inLanguage":"en-GB","potentialAction":[{"@type":"ReadAction","target":["https:\/\/www.luthierduquatuor.fr\/recommandation-patricia-kopatchinskaja-violoniste\/"]}]},{"@type":"ImageObject","inLanguage":"en-GB","@id":"https:\/\/www.luthierduquatuor.fr\/recommandation-patricia-kopatchinskaja-violoniste\/#primaryimage","url":"https:\/\/i0.wp.com\/www.luthierduquatuor.fr\/wp-content\/uploads\/2014\/05\/patriciakopatchinskajaweb.jpg?fit=599%2C287&ssl=1","contentUrl":"https:\/\/i0.wp.com\/www.luthierduquatuor.fr\/wp-content\/uploads\/2014\/05\/patriciakopatchinskajaweb.jpg?fit=599%2C287&ssl=1","width":599,"height":287},{"@type":"BreadcrumbList","@id":"https:\/\/www.luthierduquatuor.fr\/recommandation-patricia-kopatchinskaja-violoniste\/#breadcrumb","itemListElement":[{"@type":"ListItem","position":1,"name":"Home","item":"https:\/\/www.luthierduquatuor.fr\/en\/"},{"@type":"ListItem","position":2,"name":"Recommandation de Patricia Kopatchinska\u00efa"}]},{"@type":"WebSite","@id":"https:\/\/www.luthierduquatuor.fr\/en\/#website","url":"https:\/\/www.luthierduquatuor.fr\/en\/","name":"AG Violins","description":"Ana\u00efs Gassin - Luthier du quatuor","publisher":{"@id":"https:\/\/www.luthierduquatuor.fr\/en\/#organization"},"potentialAction":[{"@type":"SearchAction","target":{"@type":"EntryPoint","urlTemplate":"https:\/\/www.luthierduquatuor.fr\/en\/?s={search_term_string}"},"query-input":{"@type":"PropertyValueSpecification","valueRequired":true,"valueName":"search_term_string"}}],"inLanguage":"en-GB"},{"@type":"Organization","@id":"https:\/\/www.luthierduquatuor.fr\/en\/#organization","name":"AG Violins","url":"https:\/\/www.luthierduquatuor.fr\/en\/","logo":{"@type":"ImageObject","inLanguage":"en-GB","@id":"https:\/\/www.luthierduquatuor.fr\/en\/#\/schema\/logo\/image\/","url":"https:\/\/www.luthierduquatuor.fr\/wp-content\/uploads\/2020\/05\/AG_Luthier-du-Quatuor.jpg","contentUrl":"https:\/\/www.luthierduquatuor.fr\/wp-content\/uploads\/2020\/05\/AG_Luthier-du-Quatuor.jpg","width":480,"height":636,"caption":"AG Violins"},"image":{"@id":"https:\/\/www.luthierduquatuor.fr\/en\/#\/schema\/logo\/image\/"},"sameAs":["https:\/\/www.facebook.com\/luthierduquatuor\/","https:\/\/x.com\/AnaisGassin"]},{"@type":"Person","@id":"https:\/\/www.luthierduquatuor.fr\/en\/#\/schema\/person\/b217344e2e16498ed06ca3f2c8157c62","name":"luthierduquatuor","image":{"@type":"ImageObject","inLanguage":"en-GB","@id":"https:\/\/secure.gravatar.com\/avatar\/5bdc20db099ac77518e3e804e275291fee890ab2b2014a9b2100bd03b1da75ba?s=96&d=wavatar&r=g","url":"https:\/\/secure.gravatar.com\/avatar\/5bdc20db099ac77518e3e804e275291fee890ab2b2014a9b2100bd03b1da75ba?s=96&d=wavatar&r=g","contentUrl":"https:\/\/secure.gravatar.com\/avatar\/5bdc20db099ac77518e3e804e275291fee890ab2b2014a9b2100bd03b1da75ba?s=96&d=wavatar&r=g","caption":"luthierduquatuor"}}]}},"jetpack_featured_media_url":"https:\/\/i0.wp.com\/www.luthierduquatuor.fr\/wp-content\/uploads\/2014\/05\/patriciakopatchinskajaweb.jpg?fit=599%2C287&ssl=1","jetpack_shortlink":"https:\/\/wp.me\/p3Qmw9-J7","jetpack_sharing_enabled":true,"jetpack_likes_enabled":true,"jetpack-related-posts":[],"_links":{"self":[{"href":"https:\/\/www.luthierduquatuor.fr\/en\/wp-json\/wp\/v2\/posts\/2797","targetHints":{"allow":["GET"]}}],"collection":[{"href":"https:\/\/www.luthierduquatuor.fr\/en\/wp-json\/wp\/v2\/posts"}],"about":[{"href":"https:\/\/www.luthierduquatuor.fr\/en\/wp-json\/wp\/v2\/types\/post"}],"author":[{"embeddable":true,"href":"https:\/\/www.luthierduquatuor.fr\/en\/wp-json\/wp\/v2\/users\/1"}],"replies":[{"embeddable":true,"href":"https:\/\/www.luthierduquatuor.fr\/en\/wp-json\/wp\/v2\/comments?post=2797"}],"version-history":[{"count":0,"href":"https:\/\/www.luthierduquatuor.fr\/en\/wp-json\/wp\/v2\/posts\/2797\/revisions"}],"wp:featuredmedia":[{"embeddable":true,"href":"https:\/\/www.luthierduquatuor.fr\/en\/wp-json\/wp\/v2\/media\/2800"}],"wp:attachment":[{"href":"https:\/\/www.luthierduquatuor.fr\/en\/wp-json\/wp\/v2\/media?parent=2797"}],"wp:term":[{"taxonomy":"category","embeddable":true,"href":"https:\/\/www.luthierduquatuor.fr\/en\/wp-json\/wp\/v2\/categories?post=2797"},{"taxonomy":"post_tag","embeddable":true,"href":"https:\/\/www.luthierduquatuor.fr\/en\/wp-json\/wp\/v2\/tags?post=2797"}],"curies":[{"name":"wp","href":"https:\/\/api.w.org\/{rel}","templated":true}]}}